{"id":624,"date":"2013-05-23T11:18:05","date_gmt":"2013-05-23T15:18:05","guid":{"rendered":"http:\/\/www.brazilianpress.com\/v1\/?p=624"},"modified":"2013-05-23T11:21:49","modified_gmt":"2013-05-23T15:21:49","slug":"lea-campos-15-e-os-25-dos-infernos","status":"publish","type":"post","link":"https:\/\/www.brazilianpress.com\/v1\/2013\/05\/23\/lea-campos-15-e-os-25-dos-infernos\/","title":{"rendered":"L\u00e9a Campos: 1\/5 e os 2\/5 dos infernos"},"content":{"rendered":"<p><img loading=\"lazy\" class=\"alignright size-medium wp-image-81\" alt=\"lea_campos\" src=\"http:\/\/www.brazilianpress.com\/v1\/wp-content\/uploads\/2013\/04\/lea_campos-300x200.jpg\" width=\"300\" height=\"200\" srcset=\"https:\/\/www.brazilianpress.com\/v1\/wp-content\/uploads\/2013\/04\/lea_campos-300x200.jpg 300w, https:\/\/www.brazilianpress.com\/v1\/wp-content\/uploads\/2013\/04\/lea_campos.jpg 507w\" sizes=\"(max-width: 300px) 100vw, 300px\" \/>Durante o\u00a0s\u00e9culo\u00a018, o Brasil Col\u00f4nia\u00a0pagava um alto tributo para o seu colonizador, Portugal.<\/p>\n<p>Este tributo incidia sobre tudo o que fosse produzido\u00a0em\u00a0nosso\u00a0pa\u00eds\u00a0e correspondia \u00a0a 20%, ( 1\/5) da\u00a0produ\u00e7\u00e3o. Essa\u00a0taxa\u00e7\u00e3o\u00a0absurda era chamada &#8220;O Quinto&#8221;.<\/p>\n<p>Dito imposto recaia principalmente sobre nossa\u00a0produ\u00e7\u00e3o\u00a0aur\u00edfera.<\/p>\n<p>O &#8220;Quinto&#8221; era\u00a0t\u00e3o\u00a0odiado\u00a0pelos\u00a0brasileiros, que quando se referiam\u00a0a ele diziam:<\/p>\n<p>&#8220;O Quinto dos infernos.\u201d<\/p>\n<p><!--more-->Em determinado momento a Coroa Portuguesa quis cobrar os &#8220;quintos atrasados&#8221; de uma\u00a0s\u00f3\u00a0vez, em\u00a0epis\u00f3dio\u00a0que a hist\u00f3ria chamou de &#8220;Derrama&#8221;.\u00a0 Isso revoltou a\u00a0popula\u00e7\u00e3o, gerando \u00a0movimento\u00a0&#8220;Inconfid\u00eancia\u00a0Mineira&#8221;, \u00a0que<\/p>\n<p>culminou na\u00a0pris\u00e3o\u00a0e julgamento de Joaquim\u00a0Jos\u00e9\u00a0da Silva Xavier, o &#8220;Tiradentes&#8221;.<\/p>\n<p>De acordo com o Instituto Brasileiro de Planejamento\u00a0Tribut\u00e1rio\u00a0(IBPT), a carga tribut\u00e1ria\u00a0alcan\u00e7ou\u00a0no final de 2011, 38% \u00a0ou praticamente \u00a02\/5 (dois \u00a0quintos) da \u00a0nossa\u00a0produ\u00e7\u00e3o.<\/p>\n<p>Trocando em\u00a0mi\u00fados, a carga tribut\u00e1ria que os\u00a0aplasta\u00a0hoje,\u00a0\u00e9\u00a0praticamente o dobro<\/p>\n<p>da que era exigida por\u00a0Portugal,\u00a0\u00e0\u00a0\u00e9poca\u00a0da\u00a0Inconfid\u00eancia\u00a0Mineira, o que significa dizer que hoje pagamos literalmente &#8220;dois quintos dos infernos&#8221; de impostos.<\/p>\n<p>Para \u00a0qu\u00ea?<\/p>\n<p>Para sustentar a\u00a0corrup\u00e7\u00e3o? Os \u00a0mensaleiros? O \u00a0Senado com sua\u00a0cole\u00e7\u00e3o\u00a0de &#8220;Diretores&#8221;? A festa das passagens, o bacanal com o dinheiro p\u00fablico, as comiss\u00f5es\u00a0e\u00a0jetons, a farra familiar nos 3 Poderes:\u00a0 Executivo, Legislativo e\u00a0Judici\u00e1rio ???<\/p>\n<p>Nosso dinheiro\u00a0\u00e9\u00a0confiscado no dobro do valor do &#8220;quinto dos infernos&#8221; para sustentar essa corja, que, feitas as\u00a0atualiza\u00e7\u00f5es\u00a0\u00a0nos custa \u00a0o dobro do que custava toda a Corte Portuguesa.<\/p>\n<p>Nos causa enorme dor em saber que Tiradentes foi enforcado porque se rebelou contra a\u00a0cobran\u00e7a\u00a0da metade do que nos cobram hoje.<\/p>\n<p>Precisamos encontrar outro Tiradentes (ainda que o matem) para nos devolver nossa democracia, nossa \u00a0liberdade \u00a0e a grana que\u00a0est\u00e3o\u00a0roubando com tanto falta de vergonha.<\/p>\n<p>Por natureza somos\u00a0pac\u00edficos e levamos tudo na\u00a0goza\u00e7\u00e3o, se\u00a0f\u00f4ssemos\u00a0um pouquinho\u00a0s\u00e9rios\u00a0j\u00e1\u00a0ter\u00edamos\u00a0tirado essa corja de\u00a0corruPTos\u00a0do poder.<\/p>\n<p>Enquanto \u00a0o brasileiro usar o \u00a0voto como produto de troca, \u00a0nossa gente continuar\u00e1, sem escolas, sem\u00a0sa\u00fade, sem\u00a0seguran\u00e7a, sem onde viver, e passando fome.<\/p>\n<p>A tal\u00a0redu\u00e7\u00e3o\u00a0da\u00a0mis\u00e9ria\u00a0no Brasil,\u00a0s\u00f3\u00a0existe para a imprensa internacional,\u00a0nossa\u00a0realidade\u00a0\u00e9\u00a0outra, e somente\u00a0n\u00f3s, eleitores\u00a0s\u00e9rios\u00a0e brasileiros de \u00a0verdade podemos recuperar nosso\u00a0torr\u00e3o.<\/p>\n<p>A arma\u00a0\u00e9\u00a0o voto, mas temos que\u00a0ensinar\u00a0o povo dos\u00a0grot\u00f5es\u00a0a votar \u00a0para o\u00a0pa\u00eds\u00a0e\u00a0n\u00e3o\u00a0nas mentiras que\u00a0s\u00f3\u00a0servem para enriquecer ainda mais os PeTralhista.<\/p>\n<p>\u00c9\u00a0chegada a hora de mostrar que somos um povo inteligente e\u00a0desenvolvido.<\/p>\n<p><strong><i>Informar \u00e9 um privil\u00e9gio, informar corretamente uma obriga\u00e7\u00e3o.\u00a0<\/i><i><\/i><\/strong><\/p>\n<p><strong>L\u00e9a Campos<\/strong><\/p>\n","protected":false},"excerpt":{"rendered":"<p>Durante o\u00a0s\u00e9culo\u00a018, o Brasil Col\u00f4nia\u00a0pagava um alto tributo para o seu colonizador, Portugal. Este tributo incidia sobre tudo o que fosse produzido\u00a0em\u00a0nosso\u00a0pa\u00eds\u00a0e correspondia \u00a0a 20%, ( 1\/5) da\u00a0produ\u00e7\u00e3o. Essa\u00a0taxa\u00e7\u00e3o\u00a0absurda era chamada &#8220;O Quinto&#8221;. Dito imposto recaia principalmente sobre nossa\u00a0produ\u00e7\u00e3o\u00a0aur\u00edfera. O &#8220;Quinto&#8221; era\u00a0t\u00e3o\u00a0odiado\u00a0pelos\u00a0brasileiros, que quando se referiam\u00a0a ele diziam: &#8220;O Quinto dos infernos.\u201d<\/p>\n","protected":false},"author":1,"featured_media":81,"comment_status":"open","ping_status":"open","sticky":false,"template":"","format":"standard","meta":{"_links_to":"","_links_to_target":""},"categories":[5,15,1],"tags":[],"views":3048,"_links":{"self":[{"href":"https:\/\/www.brazilianpress.com\/v1\/wp-json\/wp\/v2\/posts\/624"}],"collection":[{"href":"https:\/\/www.brazilianpress.com\/v1\/wp-json\/wp\/v2\/posts"}],"about":[{"href":"https:\/\/www.brazilianpress.com\/v1\/wp-json\/wp\/v2\/types\/post"}],"author":[{"embeddable":true,"href":"https:\/\/www.brazilianpress.com\/v1\/wp-json\/wp\/v2\/users\/1"}],"replies":[{"embeddable":true,"href":"https:\/\/www.brazilianpress.com\/v1\/wp-json\/wp\/v2\/comments?post=624"}],"version-history":[{"count":3,"href":"https:\/\/www.brazilianpress.com\/v1\/wp-json\/wp\/v2\/posts\/624\/revisions"}],"predecessor-version":[{"id":630,"href":"https:\/\/www.brazilianpress.com\/v1\/wp-json\/wp\/v2\/posts\/624\/revisions\/630"}],"wp:featuredmedia":[{"embeddable":true,"href":"https:\/\/www.brazilianpress.com\/v1\/wp-json\/wp\/v2\/media\/81"}],"wp:attachment":[{"href":"https:\/\/www.brazilianpress.com\/v1\/wp-json\/wp\/v2\/media?parent=624"}],"wp:term":[{"taxonomy":"category","embeddable":true,"href":"https:\/\/www.brazilianpress.com\/v1\/wp-json\/wp\/v2\/categories?post=624"},{"taxonomy":"post_tag","embeddable":true,"href":"https:\/\/www.brazilianpress.com\/v1\/wp-json\/wp\/v2\/tags?post=624"}],"curies":[{"name":"wp","href":"https:\/\/api.w.org\/{rel}","templated":true}]}}