{"id":62414,"date":"2026-03-31T14:02:57","date_gmt":"2026-03-31T18:02:57","guid":{"rendered":"https:\/\/www.brazilianpress.com\/v1\/?p=62414"},"modified":"2026-03-31T14:02:57","modified_gmt":"2026-03-31T18:02:57","slug":"papa-leao-xiv-nomeia-climatologista-brasileiro-para-conselho-da-igreja-catolica","status":"publish","type":"post","link":"https:\/\/www.brazilianpress.com\/v1\/2026\/03\/31\/papa-leao-xiv-nomeia-climatologista-brasileiro-para-conselho-da-igreja-catolica\/","title":{"rendered":"Papa Le\u00e3o XIV nomeia climatologista brasileiro para conselho da Igreja Cat\u00f3lica"},"content":{"rendered":"<p><strong>Em um movimento que sinaliza a urg\u00eancia da crise ambiental na agenda da Santa S\u00e9, o Papa Le\u00e3o XIV nomeou o climatologista brasileiro Carlos Nobre como um dos novos conselheiros do Vaticano. A indica\u00e7\u00e3o coloca o pesquisador, uma das maiores autoridades mundiais em estudos sobre a Amaz\u00f4nia e mudan\u00e7as clim\u00e1ticas, em um grupo estrat\u00e9gico da C\u00faria Romana.<\/strong><\/p>\n<p>O \u00f3rg\u00e3o para o qual Nobre foi designado, o Dicast\u00e9rio para a Promo\u00e7\u00e3o do Desenvolvimento Humano Integral, \u00e9 respons\u00e1vel por tratar de quest\u00f5es cruciais como ecologia, migra\u00e7\u00f5es, sa\u00fade e justi\u00e7a social.<\/p>\n<p>A escolha de Nobre ocorre em um momento em que a Igreja Cat\u00f3lica busca estreitar la\u00e7os com a comunidade cient\u00edfica para fundamentar suas orienta\u00e7\u00f5es morais sobre a prote\u00e7\u00e3o da &#8220;casa comum&#8221;. O cientista, que \u00e9 membro da Academia Brasileira de Ci\u00eancias e da Royal Society, traz consigo d\u00e9cadas de experi\u00eancia na investiga\u00e7\u00e3o dos riscos de &#8220;savaniza\u00e7\u00e3o&#8221; da floresta amaz\u00f4nica. Segundo apurado pelo Jornal Brazilian Press, a nomea\u00e7\u00e3o foi recebida com entusiasmo pela comunidade acad\u00eamica internacional, que v\u00ea na figura de Nobre um elo vital entre o conhecimento t\u00e9cnico e a influ\u00eancia global da Igreja na mobiliza\u00e7\u00e3o da sociedade civil.<\/p>\n<p>O conselho agora composto pelo brasileiro inclui uma diversidade de vozes globais, com representantes de pa\u00edses como M\u00e9xico, Rep\u00fablica Democr\u00e1tica do Congo e Estados Unidos. O grupo ter\u00e1 o desafio de assessorar o Pont\u00edfice em temas que Nobre descreve como fundamentais para a &#8220;sobreviv\u00eancia da humanidade&#8221;. Ao comentar a indica\u00e7\u00e3o, o climatologista destacou a import\u00e2ncia de unir ci\u00eancia e espiritualidade para enfrentar a emerg\u00eancia clim\u00e1tica, refor\u00e7ando que o futuro das pr\u00f3ximas gera\u00e7\u00f5es depende de solu\u00e7\u00f5es r\u00e1pidas e de uma mudan\u00e7a profunda na rela\u00e7\u00e3o do homem com a natureza.<\/p>\n","protected":false},"excerpt":{"rendered":"<p>Em um movimento que sinaliza a urg\u00eancia da crise ambiental na agenda da Santa S\u00e9, o Papa Le\u00e3o XIV nomeou o climatologista brasileiro Carlos Nobre como um dos novos conselheiros do Vaticano. A indica\u00e7\u00e3o coloca o pesquisador, uma das maiores autoridades mundiais em estudos sobre a Amaz\u00f4nia e mudan\u00e7as clim\u00e1ticas, em um grupo estrat\u00e9gico da C\u00faria Romana. O \u00f3rg\u00e3o para o qual Nobre foi designado, o Dicast\u00e9rio para a Promo\u00e7\u00e3o do Desenvolvimento Humano Integral, \u00e9 respons\u00e1vel por tratar de quest\u00f5es cruciais como ecologia, migra\u00e7\u00f5es, sa\u00fade e justi\u00e7a social. A escolha de Nobre ocorre em um momento em que a Igreja [&hellip;]<\/p>\n","protected":false},"author":1,"featured_media":62415,"comment_status":"open","ping_status":"closed","sticky":false,"template":"","format":"standard","meta":{"_links_to":"","_links_to_target":""},"categories":[3,8,1],"tags":[],"views":396,"_links":{"self":[{"href":"https:\/\/www.brazilianpress.com\/v1\/wp-json\/wp\/v2\/posts\/62414"}],"collection":[{"href":"https:\/\/www.brazilianpress.com\/v1\/wp-json\/wp\/v2\/posts"}],"about":[{"href":"https:\/\/www.brazilianpress.com\/v1\/wp-json\/wp\/v2\/types\/post"}],"author":[{"embeddable":true,"href":"https:\/\/www.brazilianpress.com\/v1\/wp-json\/wp\/v2\/users\/1"}],"replies":[{"embeddable":true,"href":"https:\/\/www.brazilianpress.com\/v1\/wp-json\/wp\/v2\/comments?post=62414"}],"version-history":[{"count":1,"href":"https:\/\/www.brazilianpress.com\/v1\/wp-json\/wp\/v2\/posts\/62414\/revisions"}],"predecessor-version":[{"id":62416,"href":"https:\/\/www.brazilianpress.com\/v1\/wp-json\/wp\/v2\/posts\/62414\/revisions\/62416"}],"wp:featuredmedia":[{"embeddable":true,"href":"https:\/\/www.brazilianpress.com\/v1\/wp-json\/wp\/v2\/media\/62415"}],"wp:attachment":[{"href":"https:\/\/www.brazilianpress.com\/v1\/wp-json\/wp\/v2\/media?parent=62414"}],"wp:term":[{"taxonomy":"category","embeddable":true,"href":"https:\/\/www.brazilianpress.com\/v1\/wp-json\/wp\/v2\/categories?post=62414"},{"taxonomy":"post_tag","embeddable":true,"href":"https:\/\/www.brazilianpress.com\/v1\/wp-json\/wp\/v2\/tags?post=62414"}],"curies":[{"name":"wp","href":"https:\/\/api.w.org\/{rel}","templated":true}]}}