{"id":62428,"date":"2026-04-04T18:34:03","date_gmt":"2026-04-04T22:34:03","guid":{"rendered":"https:\/\/www.brazilianpress.com\/v1\/?p=62428"},"modified":"2026-04-04T18:34:03","modified_gmt":"2026-04-04T22:34:03","slug":"influenciador-junior-pena-aceita-acordo-de-deportacao-voluntaria-e-solto-e-continua-monitorado-pelo-ice","status":"publish","type":"post","link":"https:\/\/www.brazilianpress.com\/v1\/2026\/04\/04\/influenciador-junior-pena-aceita-acordo-de-deportacao-voluntaria-e-solto-e-continua-monitorado-pelo-ice\/","title":{"rendered":"Influenciador Junior Pena aceita acordo de &#8220;deporta\u00e7\u00e3o volunt\u00e1ria&#8221;, \u00e9 solto e continua monitorado pelo ICE"},"content":{"rendered":"<p><strong>O caso do influenciador digital Junior Pena, conhecido por sua forte presen\u00e7a nas redes sociais e pelo apoio p\u00fablico a pol\u00edticas conservadoras nos Estados Unidos, ganhou novos contornos ap\u00f3s sua sa\u00edda do Centro de Deten\u00e7\u00e3o Delaney Hall. O mineiro, que reside no pa\u00eds h\u00e1 mais de uma d\u00e9cada e meia, havia sido detido por agentes do Servi\u00e7o de Imigra\u00e7\u00e3o e Alf\u00e2ndega (ICE) devido a uma falha processual relacionada ao n\u00e3o comparecimento em uma audi\u00eancia obrigat\u00f3ria.<\/strong><\/p>\n<p>O epis\u00f3dio gerou intensos debates entre seus seguidores e cr\u00edticos, colocando em evid\u00eancia a complexidade das leis migrat\u00f3rias aplicadas mesmo a residentes de longa data que buscam a regulariza\u00e7\u00e3o.<\/p>\n<p>Antes de obter o benef\u00edcio da soltura, o influenciador chegou a considerar o encerramento de sua jornada nos Estados Unidos por meio de uma medida administrativa espec\u00edfica. Segundo apurado pelo Jornal Brazilian Press, Pena havia concordado formalmente em ser deportado voluntariamente, uma decis\u00e3o que implicaria o reconhecimento da impossibilidade imediata de perman\u00eancia legal. Sob esse acordo, o influenciador teria a responsabilidade de arcar com todos os custos financeiros de sua passagem a\u00e9rea de retorno ao Brasil, al\u00e9m de ser submetido ao protocolo de acompanhamento por agentes federais de imigra\u00e7\u00e3o, que o escoltariam rigorosamente at\u00e9 o momento exato do embarque no aeroporto.<\/p>\n<p>Entretanto, a recente decis\u00e3o judicial que permitiu sua libera\u00e7\u00e3o suspende, ao menos temporariamente, a execu\u00e7\u00e3o desse retorno for\u00e7ado. A defesa conseguiu reverter a necessidade de cust\u00f3dia f\u00edsica, permitindo que ele responda ao processo fora das instala\u00e7\u00f5es prisionais. O desfecho atual representa uma mudan\u00e7a de rumo dr\u00e1stica para quem j\u00e1 estava preparado para deixar o pa\u00eds sob vigil\u00e2ncia oficial, devolvendo a Pena a possibilidade de seguir com os recursos cab\u00edveis para tentar estabilizar sua situa\u00e7\u00e3o em solo americano, enquanto a comunidade brasileira acompanha atentamente os pr\u00f3ximos passos de um dos seus porta-vozes digitais mais controversos.<\/p>\n","protected":false},"excerpt":{"rendered":"<p>O caso do influenciador digital Junior Pena, conhecido por sua forte presen\u00e7a nas redes sociais e pelo apoio p\u00fablico a pol\u00edticas conservadoras nos Estados Unidos, ganhou novos contornos ap\u00f3s sua sa\u00edda do Centro de Deten\u00e7\u00e3o Delaney Hall. O mineiro, que reside no pa\u00eds h\u00e1 mais de uma d\u00e9cada e meia, havia sido detido por agentes do Servi\u00e7o de Imigra\u00e7\u00e3o e Alf\u00e2ndega (ICE) devido a uma falha processual relacionada ao n\u00e3o comparecimento em uma audi\u00eancia obrigat\u00f3ria. O epis\u00f3dio gerou intensos debates entre seus seguidores e cr\u00edticos, colocando em evid\u00eancia a complexidade das leis migrat\u00f3rias aplicadas mesmo a residentes de longa data [&hellip;]<\/p>\n","protected":false},"author":1,"featured_media":62429,"comment_status":"open","ping_status":"closed","sticky":false,"template":"","format":"standard","meta":{"_links_to":"","_links_to_target":""},"categories":[4,3,1],"tags":[],"views":973,"_links":{"self":[{"href":"https:\/\/www.brazilianpress.com\/v1\/wp-json\/wp\/v2\/posts\/62428"}],"collection":[{"href":"https:\/\/www.brazilianpress.com\/v1\/wp-json\/wp\/v2\/posts"}],"about":[{"href":"https:\/\/www.brazilianpress.com\/v1\/wp-json\/wp\/v2\/types\/post"}],"author":[{"embeddable":true,"href":"https:\/\/www.brazilianpress.com\/v1\/wp-json\/wp\/v2\/users\/1"}],"replies":[{"embeddable":true,"href":"https:\/\/www.brazilianpress.com\/v1\/wp-json\/wp\/v2\/comments?post=62428"}],"version-history":[{"count":1,"href":"https:\/\/www.brazilianpress.com\/v1\/wp-json\/wp\/v2\/posts\/62428\/revisions"}],"predecessor-version":[{"id":62430,"href":"https:\/\/www.brazilianpress.com\/v1\/wp-json\/wp\/v2\/posts\/62428\/revisions\/62430"}],"wp:featuredmedia":[{"embeddable":true,"href":"https:\/\/www.brazilianpress.com\/v1\/wp-json\/wp\/v2\/media\/62429"}],"wp:attachment":[{"href":"https:\/\/www.brazilianpress.com\/v1\/wp-json\/wp\/v2\/media?parent=62428"}],"wp:term":[{"taxonomy":"category","embeddable":true,"href":"https:\/\/www.brazilianpress.com\/v1\/wp-json\/wp\/v2\/categories?post=62428"},{"taxonomy":"post_tag","embeddable":true,"href":"https:\/\/www.brazilianpress.com\/v1\/wp-json\/wp\/v2\/tags?post=62428"}],"curies":[{"name":"wp","href":"https:\/\/api.w.org\/{rel}","templated":true}]}}