{"id":62554,"date":"2026-04-28T19:18:16","date_gmt":"2026-04-28T23:18:16","guid":{"rendered":"https:\/\/www.brazilianpress.com\/v1\/?p=62554"},"modified":"2026-04-28T19:18:16","modified_gmt":"2026-04-28T23:18:16","slug":"governo-dos-eua-toma-medidas-para-acelerar-deportacao-de-criancas-imigrantes-sob-custodia-do-dhs-ice","status":"publish","type":"post","link":"https:\/\/www.brazilianpress.com\/v1\/2026\/04\/28\/governo-dos-eua-toma-medidas-para-acelerar-deportacao-de-criancas-imigrantes-sob-custodia-do-dhs-ice\/","title":{"rendered":"Governo dos EUA toma medidas para acelerar deporta\u00e7\u00e3o de crian\u00e7as imigrantes sob cust\u00f3dia do DHS\/ICE"},"content":{"rendered":"<p><strong>A engrenagem migrat\u00f3ria dos Estados Unidos intensificou seu ritmo de forma dr\u00e1stica, adotando medidas severas para agilizar a expuls\u00e3o de crian\u00e7as imigrantes que se encontram sob cust\u00f3dia federal. De acordo com relatos de funcion\u00e1rios governamentais e defensores jur\u00eddicos \u00e0 rede CNN, o Departamento de Justi\u00e7a tem antecipado audi\u00eancias decisivas em semanas ou at\u00e9 meses.<\/strong><\/p>\n<p>Nestas sess\u00f5es, o destino de menores \u00e9 selado entre a perman\u00eancia no pa\u00eds ou o retorno imediato \u00e0 p\u00e1tria de origem, uma estrat\u00e9gia que especialistas apontam como uma barreira deliberada para impedir que essas crian\u00e7as obtenham benef\u00edcios legais ou estabele\u00e7am meios de perman\u00eancia em solo americano.<\/p>\n<p><img loading=\"lazy\" class=\"alignnone size-full wp-image-62556\" src=\"https:\/\/www.brazilianpress.com\/v1\/wp-content\/uploads\/2026\/04\/crianca-imigrante-ice-2.jpg\" alt=\"\" width=\"700\" height=\"443\" srcset=\"https:\/\/www.brazilianpress.com\/v1\/wp-content\/uploads\/2026\/04\/crianca-imigrante-ice-2.jpg 700w, https:\/\/www.brazilianpress.com\/v1\/wp-content\/uploads\/2026\/04\/crianca-imigrante-ice-2-300x190.jpg 300w\" sizes=\"(max-width: 700px) 100vw, 700px\" \/><\/p>\n<p>O cen\u00e1rio nos tribunais \u00e9 de vulnerabilidade extrema, conforme apurado pelo Jornal Brazilian Press. Crian\u00e7as de pouca idade s\u00e3o submetidas a frequentes idas ao banco dos r\u00e9us e, em casos alarmantes, sem qualquer assist\u00eancia de um advogado para orient\u00e1-las. Emily Norman, diretora da organiza\u00e7\u00e3o Kids in Need of Defense, relata que a press\u00e3o psicol\u00f3gica sobre os pequenos \u00e9 t\u00e3o avassaladora que h\u00e1 registros de crian\u00e7as que urinam nas pr\u00f3prias roupas durante o processo. Scott Bassett, do Amica Center for Immigrant Rights, descreve o ambiente como uma mistura paralisante de confus\u00e3o, medo e profunda frustra\u00e7\u00e3o para os menores envolvidos.<\/p>\n<p>A disparidade nos prazos processuais ilustra a urg\u00eancia do atual governo em encerrar os casos. Em um epis\u00f3dio emblem\u00e1tico, uma crian\u00e7a de apenas cinco anos, que cruzou a fronteira desacompanhada, teve sua audi\u00eancia marcada para apenas duas semanas ap\u00f3s a chegada. Em outra situa\u00e7\u00e3o de contraste absoluto, um julgamento que estava previsto apenas para o ano de 2027 foi repentinamente antecipado para uma data a apenas sete dias de dist\u00e2ncia. A Casa Branca defende a postura alegando que o objetivo central \u00e9 desmantelar as opera\u00e7\u00f5es de cart\u00e9is e devolver v\u00edtimas de tr\u00e1fico \u00e0s suas fam\u00edlias de forma c\u00e9lere, garantindo que o retorno ocorra sob condi\u00e7\u00f5es que consideram humanit\u00e1rias.<\/p>\n<p>Oficialmente, o Departamento de Sa\u00fade e Servi\u00e7os Humanos, por meio do porta-voz Andrew Nixon, sustenta que a efici\u00eancia processual visa proteger os menores da explora\u00e7\u00e3o de redes criminosas. Nixon argumenta que a redu\u00e7\u00e3o do tempo de deten\u00e7\u00e3o n\u00e3o apenas interrompe o ciclo de coer\u00e7\u00e3o dos cart\u00e9is, mas tamb\u00e9m alivia os custos para o contribuinte americano, assegurando que o sistema opere conforme a legisla\u00e7\u00e3o vigente. Todavia, a abordagem r\u00edgida enfrenta resist\u00eancia na opini\u00e3o p\u00fablica; dados do Centro de Pesquisa de Assuntos P\u00fablicos AP-NORC indicam que 60% dos adultos americanos acreditam que o governo excedeu os limites \u00e9ticos em suas pol\u00edticas de imigra\u00e7\u00e3o.<\/p>\n<p>A polariza\u00e7\u00e3o pol\u00edtica em torno do tema permanece acentuada e divide o eleitorado de forma quase sim\u00e9trica. Enquanto cerca de 30% dos cidad\u00e3os confiam na gest\u00e3o republicana para lidar com a fronteira, uma parcela equivalente deposita sua f\u00e9 nas propostas democratas. O ceticismo, por\u00e9m, ganha terreno, j\u00e1 que outros 30% da popula\u00e7\u00e3o n\u00e3o acreditam que nenhum dos dois partidos possua a solu\u00e7\u00e3o ideal para a crise. Enquanto o debate pol\u00edtico se arrasta em Washington, o sistema judicial segue acelerando os cronogramas, deixando crian\u00e7as em uma corrida contra o tempo para evitar a deporta\u00e7\u00e3o definitiva.<\/p>\n","protected":false},"excerpt":{"rendered":"<p>A engrenagem migrat\u00f3ria dos Estados Unidos intensificou seu ritmo de forma dr\u00e1stica, adotando medidas severas para agilizar a expuls\u00e3o de crian\u00e7as imigrantes que se encontram sob cust\u00f3dia federal. De acordo com relatos de funcion\u00e1rios governamentais e defensores jur\u00eddicos \u00e0 rede CNN, o Departamento de Justi\u00e7a tem antecipado audi\u00eancias decisivas em semanas ou at\u00e9 meses. Nestas sess\u00f5es, o destino de menores \u00e9 selado entre a perman\u00eancia no pa\u00eds ou o retorno imediato \u00e0 p\u00e1tria de origem, uma estrat\u00e9gia que especialistas apontam como uma barreira deliberada para impedir que essas crian\u00e7as obtenham benef\u00edcios legais ou estabele\u00e7am meios de perman\u00eancia em solo americano. [&hellip;]<\/p>\n","protected":false},"author":1,"featured_media":62555,"comment_status":"open","ping_status":"closed","sticky":false,"template":"","format":"standard","meta":{"_links_to":"","_links_to_target":""},"categories":[3,1,10],"tags":[],"views":132,"_links":{"self":[{"href":"https:\/\/www.brazilianpress.com\/v1\/wp-json\/wp\/v2\/posts\/62554"}],"collection":[{"href":"https:\/\/www.brazilianpress.com\/v1\/wp-json\/wp\/v2\/posts"}],"about":[{"href":"https:\/\/www.brazilianpress.com\/v1\/wp-json\/wp\/v2\/types\/post"}],"author":[{"embeddable":true,"href":"https:\/\/www.brazilianpress.com\/v1\/wp-json\/wp\/v2\/users\/1"}],"replies":[{"embeddable":true,"href":"https:\/\/www.brazilianpress.com\/v1\/wp-json\/wp\/v2\/comments?post=62554"}],"version-history":[{"count":1,"href":"https:\/\/www.brazilianpress.com\/v1\/wp-json\/wp\/v2\/posts\/62554\/revisions"}],"predecessor-version":[{"id":62557,"href":"https:\/\/www.brazilianpress.com\/v1\/wp-json\/wp\/v2\/posts\/62554\/revisions\/62557"}],"wp:featuredmedia":[{"embeddable":true,"href":"https:\/\/www.brazilianpress.com\/v1\/wp-json\/wp\/v2\/media\/62555"}],"wp:attachment":[{"href":"https:\/\/www.brazilianpress.com\/v1\/wp-json\/wp\/v2\/media?parent=62554"}],"wp:term":[{"taxonomy":"category","embeddable":true,"href":"https:\/\/www.brazilianpress.com\/v1\/wp-json\/wp\/v2\/categories?post=62554"},{"taxonomy":"post_tag","embeddable":true,"href":"https:\/\/www.brazilianpress.com\/v1\/wp-json\/wp\/v2\/tags?post=62554"}],"curies":[{"name":"wp","href":"https:\/\/api.w.org\/{rel}","templated":true}]}}