{"id":627,"date":"2013-05-23T11:21:19","date_gmt":"2013-05-23T15:21:19","guid":{"rendered":"http:\/\/www.brazilianpress.com\/v1\/?p=627"},"modified":"2013-05-23T11:21:19","modified_gmt":"2013-05-23T15:21:19","slug":"francisco-sampa-salve-jorge-festa-na-sala-futebol-na-copa-e-cozinha-vazia","status":"publish","type":"post","link":"https:\/\/www.brazilianpress.com\/v1\/2013\/05\/23\/francisco-sampa-salve-jorge-festa-na-sala-futebol-na-copa-e-cozinha-vazia\/","title":{"rendered":"Francisco Sampa: Salve Jorge, festa na sala, futebol na copa e cozinha vazia"},"content":{"rendered":"<p><img loading=\"lazy\" class=\"alignright size-full wp-image-94\" alt=\"francisco_sampa\" src=\"http:\/\/www.brazilianpress.com\/v1\/wp-content\/uploads\/2013\/04\/francisco_sampa.jpg\" width=\"200\" height=\"300\" \/>Eita s\u00f3 se fala no fim\u00a0 de Salve\u00a0 Jorge\u00a0 e\u00a0 nas Copas\u00a0 das\u00a0 Confedera\u00e7\u00f5es e do Mundo. Enquanto\u00a0 isso os desmandos nos\u00a0 3 Poderes \u00e9 p\u00fablico, not\u00f3rio e irritante. Pol\u00edticos casu\u00edstas\u00a0 se aproveitam\u00a0 de certas situa\u00e7\u00f5es para fazerem seus palanques antecipados, mas o povo, o\u00a0 maior\u00a0 interessado,\u00a0 e o\u00a0 grande fiscal\u00a0 destas mazelas que\u00a0 assolam o nosso pa\u00eds, est\u00e3o\u00a0 preocupados\u00a0\u00a0\u00a0com os grandes eventos\u00a0 e festas,\u00a0 competi\u00e7\u00e3o e curti\u00e7\u00e3o, o resto seja l\u00e1\u00a0 como Deus quiser. Na \u00faltima\u00a0 semana,\u00a0 nas redes sociais\u00a0 choveram cr\u00edticas\u00a0 contra\u00a0 as falhas e gafes\u00a0 da grande\u00a0 novelista\u00a0 Gl\u00f3ria Perez\u00a0 no\u00a0 folhetim televisivo\u00a0 Salve\u00a0 Jorge.\u00a0 A pergunta que\u00a0 vem\u00a0 a estes neur\u00f4nios ativos,\u00a0 ocultos por meus cabelos\u00a0 brancos \u00e9 a seguinte:\u00a0 que povo \u00e9 este que se preocupa\u00a0 com falhas de\u00a0 continuidade de uma\u00a0\u00a0\u00a0cena de\u00a0\u00a0\u00a0novela e\u00a0 n\u00e3o\u00a0 d\u00e1 a m\u00ednima para a roubalheira\u00a0\u00a0\u00a0do\u00a0 er\u00e1rio p\u00fablico, da falta de\u00a0 sa\u00fade\u00a0 p\u00fablica,\u00a0\u00a0\u00a0de\u00a0 seguran\u00e7a\u00a0 nas\u00a0 pequenas e grandes cidades, que\u00a0 vivem um aut\u00eantico faroeste\u00a0 tupiniquim. O Afeganist\u00e3o \u00e9 aqui, a nossa\u00a0\u00a0\u00a0guerra\u00a0 civil cotidiana e sem\u00a0 trincheiras morrem mais pessoas\u00a0 do que\u00a0 nas\u00a0\u00a0\u00a0batalhas\u00a0 convencionais\u00a0\u00a0\u00a0do\u00a0\u00a0\u00a0oriente m\u00e9dio\u00a0\u00a0\u00a0e\u00a0 em outras partes do mundo.<\/p>\n<p><!--more-->Mas\u00a0 n\u00e3o vamos\u00a0 nos preocupar\u00a0 com isso,\u00a0\u00a0\u00a0\u00e9 o que escuto\u00a0\u00a0\u00a0nas ruas, afinal em\u00a0 poucos dias teremos a Copa das\u00a0 Confedera\u00e7\u00f5es, o mundo\u00a0 todo\u00a0 est\u00e1 de olho\u00a0 no\u00a0 Brasil e a\u00ed como fica\u00a0 seu Z\u00e9?????\u00a0\u00a0\u00a0Ser\u00e1 que\u00a0 o papa\u00a0 hermano argentino\u00a0 Francisco\u00a0 dos pobres e\u00a0 oprimidos\u00a0 em sua\u00a0 visita\u00a0 \u00e0 cidade maravilhosa trar\u00e1\u00a0\u00a0\u00a0bons frutos e\u00a0 discernimento\u00a0\u00a0\u00a0a\u00a0 nosotros\u00a0 brasilenos? Bem, \u00e9\u00a0\u00a0\u00a0rezar\u00a0 e esperar para\u00a0 ver, j\u00e1 que\u00a0 como est\u00e1\u00a0 n\u00e3o pode ficar, a inseguran\u00e7a\u00a0 p\u00fablica \u00e9 um caso de pol\u00edcia, ops,\u00a0 eu escrevi pol\u00edcia,\u00a0\u00a0\u00a0mas qual pol\u00edcia?\u00a0 A que\u00a0 a\u00ed est\u00e1\u00a0 e\u00a0\u00a0\u00a0mal preparada,\u00a0 mal paga e sucateada&#8230;\u00a0 e a\u00a0 sa\u00fade?\u00a0 Vai\u00a0 bem obrigado, leia-se\u00a0\u00a0\u00a0a dos pol\u00edticos\u00a0 e dos\u00a0 ricos, porque os pobres, estes s\u00f3 Jesus na causa, afinal\u00a0 para que pobre\u00a0 quer ter sa\u00fade\u00a0\u00a0\u00a0n\u00e3o \u00e9<br \/>\nmesmo?\u00a0 Talvez para\u00a0 votar errado e reclamar\u00a0 duas\u00a0 coisas\u00a0 que\u00a0 n\u00f3s os pobres fazemos muito\u00a0 bem:\u00a0 votamos errado e reclamamos de\u00a0 tudo.<\/p>\n<p>E a educa\u00e7\u00e3o? Essa\u00a0 ent\u00e3o,\u00a0\u00a0\u00a0credo em cruz&#8230; para que educar\u00a0 pobre???\u00a0 Para eles aprenderem a reivindicar,\u00a0 ao inv\u00e9s de ficarem pedindo?\u00a0 Nem pensar. Pobre tem \u00e9 que pedir e sempre ouvir promessas\u00a0 v\u00e3s de uma elite hip\u00f3crita, desonesta e med\u00edocre, gente\u00a0 que s\u00f3 sabe\u00a0 usar\u00a0\u00a0\u00a0o pobre\u00a0 como laranja\u00a0 e espremer\u00a0 at\u00e9 o limite.\u00a0 Enquanto\u00a0 isso\u00a0 nosotros\u00a0 los pobres\u00a0\u00a0\u00a0de\u00a0\u00a0\u00a0marr\u00e9\u00a0\u00a0\u00a0deci,\u00a0 estamos deslumbrados\u00a0\u00a0\u00a0com\u00a0 as\u00a0 copas\u00a0\u00a0\u00a0que\u00a0 v\u00eam a caminho\u00a0 da\u00a0 p\u00e1tria amada m\u00e3e,\u00a0 \u00e0s\u00a0 vezes gentil, pois \u00e9 meu povo,\u00a0 a copa\u00a0 vem e\u00a0se vai. Como\u00a0 ficar\u00e1\u00a0 a mesa e as panelas\u00a0 vazias, as cozinhas sem\u00a0 comida\u00a0 de milhares de casas\u00a0 em todo o Brasil,\u00a0 as\u00a0 copas\u00a0 n\u00e3o\u00a0 v\u00e3o encher a barriga de\u00a0 ningu\u00e9m,\u00a0 salvo\u00a0 de uma pequena por\u00e7\u00e3o de\u00a0 escolhidos\u00a0 a dedo,\u00a0 os\u00a0 amigos\u00a0\u00a0\u00a0dos poderes vigentes e\u00a0 \u201catuantes\u201d. Salve\u00a0 Jorge\u00a0\u00a0\u00a0se\u00a0 foi. A Copa\u00a0 vem e a \u00a0vida segue, enquanto isso, \u00e9 samba, funk,\u00a0 forr\u00f3 e sertanejo na grande\u00a0 balada.\u00a0\u00a0\u00a0Brasil \u00e9 festa na sala,\u00a0 futebol na copa\u00a0 e\u00a0 cozinha\u00a0\u00a0\u00a0de panelas vazias. A todos\u00a0 acima da linha do Equador\u00a0 nesta terra de\u00a0 neves, parque e oportunidades, deixo meu arroxado sampra\u00e7o\u00a0 \u00e0s margens do Atl\u00e2ntico Sul\u00a0 oxenteeeeeeeeeeeeeee.<\/p>\n","protected":false},"excerpt":{"rendered":"<p>Eita s\u00f3 se fala no fim\u00a0 de Salve\u00a0 Jorge\u00a0 e\u00a0 nas Copas\u00a0 das\u00a0 Confedera\u00e7\u00f5es e do Mundo. Enquanto\u00a0 isso os desmandos nos\u00a0 3 Poderes \u00e9 p\u00fablico, not\u00f3rio e irritante. Pol\u00edticos casu\u00edstas\u00a0 se aproveitam\u00a0 de certas situa\u00e7\u00f5es para fazerem seus palanques antecipados, mas o povo, o\u00a0 maior\u00a0 interessado,\u00a0 e o\u00a0 grande fiscal\u00a0 destas mazelas que\u00a0 assolam o nosso pa\u00eds, est\u00e3o\u00a0 preocupados\u00a0\u00a0\u00a0com os grandes eventos\u00a0 e festas,\u00a0 competi\u00e7\u00e3o e curti\u00e7\u00e3o, o resto seja l\u00e1\u00a0 como Deus quiser. Na \u00faltima\u00a0 semana,\u00a0 nas redes sociais\u00a0 choveram cr\u00edticas\u00a0 contra\u00a0 as falhas e gafes\u00a0 da grande\u00a0 novelista\u00a0 Gl\u00f3ria Perez\u00a0 no\u00a0 folhetim televisivo\u00a0 Salve\u00a0 Jorge.\u00a0 A pergunta [&hellip;]<\/p>\n","protected":false},"author":1,"featured_media":94,"comment_status":"open","ping_status":"open","sticky":false,"template":"","format":"standard","meta":{"_links_to":"","_links_to_target":""},"categories":[5,17,1],"tags":[],"views":3359,"_links":{"self":[{"href":"https:\/\/www.brazilianpress.com\/v1\/wp-json\/wp\/v2\/posts\/627"}],"collection":[{"href":"https:\/\/www.brazilianpress.com\/v1\/wp-json\/wp\/v2\/posts"}],"about":[{"href":"https:\/\/www.brazilianpress.com\/v1\/wp-json\/wp\/v2\/types\/post"}],"author":[{"embeddable":true,"href":"https:\/\/www.brazilianpress.com\/v1\/wp-json\/wp\/v2\/users\/1"}],"replies":[{"embeddable":true,"href":"https:\/\/www.brazilianpress.com\/v1\/wp-json\/wp\/v2\/comments?post=627"}],"version-history":[{"count":1,"href":"https:\/\/www.brazilianpress.com\/v1\/wp-json\/wp\/v2\/posts\/627\/revisions"}],"predecessor-version":[{"id":628,"href":"https:\/\/www.brazilianpress.com\/v1\/wp-json\/wp\/v2\/posts\/627\/revisions\/628"}],"wp:featuredmedia":[{"embeddable":true,"href":"https:\/\/www.brazilianpress.com\/v1\/wp-json\/wp\/v2\/media\/94"}],"wp:attachment":[{"href":"https:\/\/www.brazilianpress.com\/v1\/wp-json\/wp\/v2\/media?parent=627"}],"wp:term":[{"taxonomy":"category","embeddable":true,"href":"https:\/\/www.brazilianpress.com\/v1\/wp-json\/wp\/v2\/categories?post=627"},{"taxonomy":"post_tag","embeddable":true,"href":"https:\/\/www.brazilianpress.com\/v1\/wp-json\/wp\/v2\/tags?post=627"}],"curies":[{"name":"wp","href":"https:\/\/api.w.org\/{rel}","templated":true}]}}