{"id":667,"date":"2013-05-23T14:45:42","date_gmt":"2013-05-23T18:45:42","guid":{"rendered":"http:\/\/www.brazilianpress.com\/v1\/?p=667"},"modified":"2013-05-23T14:45:42","modified_gmt":"2013-05-23T18:45:42","slug":"kerry-defende-fortalecimento-da-parceria-entre-brasil-e-eua","status":"publish","type":"post","link":"https:\/\/www.brazilianpress.com\/v1\/2013\/05\/23\/kerry-defende-fortalecimento-da-parceria-entre-brasil-e-eua\/","title":{"rendered":"Kerry defende fortalecimento da parceria entre Brasil e EUA"},"content":{"rendered":"<p>O secret\u00e1rio de Estado americano, John Kerry, destacou na segunda-feira (20) a import\u00e2ncia do Brasil no cen\u00e1rio internacional durante conversa com o ministro das Rela\u00e7\u00f5es Exteriores do Pa\u00eds, Antonio Patriota, em Washington. Kerry e Patriota trataram, entre outros temas, da primeira visita de Estado da presidente\u00a0Dilma Rousseff\u00a0ao pa\u00eds, provavelmente em outubro. Os EUA reservam esse tipo de visita apenas aos parceiros estrat\u00e9gicos.<!--more--><\/p>\n<p><img class=\"alignnone size-full wp-image-668\" alt=\"acordo brasil eua\" src=\"http:\/\/www.brazilianpress.com\/v1\/wp-content\/uploads\/2013\/05\/acordo-brasil-eua.jpg\" width=\"500\" srcset=\"https:\/\/www.brazilianpress.com\/v1\/wp-content\/uploads\/2013\/05\/acordo-brasil-eua.jpg 652w, https:\/\/www.brazilianpress.com\/v1\/wp-content\/uploads\/2013\/05\/acordo-brasil-eua-300x187.jpg 300w\" sizes=\"(max-width: 652px) 100vw, 652px\" \/><\/p>\n<p>Antes da visita de Dilma aos EUA,\u00a0vir\u00e1 ao Brasil at\u00e9 o final deste m\u00eas o vice-presidente americano\u00a0, Joe Biden. \u201cQueremos fortalecer o Di\u00e1logo de Parceria Global (um projeto comum dos dois pa\u00edses que inclui a\u00e7\u00f5es em v\u00e1rias \u00e1reas)\u201d, disse Kerry. O Di\u00e1logo de Parceria Global \u00e9 formado por mais de 30 mecanismos de consulta e coopera\u00e7\u00e3o que cobrem praticamente todos os temas das agendas bilateral, regional, internacional e global.<\/p>\n<p>No texto distribu\u00eddo pelo Departamento de Estado americano, Kerry demonstra simpatia pelo Brasil e lamenta n\u00e3o falar portugu\u00eas como sua mulher Tereza Heinz, que \u00e9 mo\u00e7ambicana. \u201c(Infelizmente) minha mulher n\u00e3o est\u00e1 aqui para falar portugu\u00eas\u201d, disse. \u201cNossa rela\u00e7\u00e3o com o Brasil \u00e9 extremamente importante, que \u00e9 um pa\u00eds que vem aumentando seu destaque. Estamos ansiosos pela visita da presidenta Dilma Rousseff em outubro.\u201d<\/p>\n<p>O secret\u00e1rio de Estado ressaltou a import\u00e2ncia do Brasil na reconstru\u00e7\u00e3o do Haiti, que em 2010 sofreu os impactos do\u00a0pior terremoto de sua hist\u00f3ria recente\u00a0, e na busca por uma solu\u00e7\u00e3o negociada na S\u00edria, que vive em\u00a0conflito h\u00e1 mais de dois anos\u00a0. \u201cConhe\u00e7o o Brasil, que \u00e9 um pa\u00eds de que gosto muito. \u00c9 um pa\u00eds fascinante, com uma cultura muito diversificada e enorme energia econ\u00f4mica, assim como energia de vida\u201d, disse.<\/p>\n<p>Kerry disse ser f\u00e3 do futebol brasileiro. \u201cA Copa do Mundo fascina a todos n\u00f3s. Vou encontrar uma maneira de estar l\u00e1 durante esse per\u00edodo (da Copa de\u00a02014)\u201d, brincou. Patriota retribuiu, lembrando que ele e Kerry mant\u00eam conversas constantes por telefone. \u201cEstamos muito interessados em ouvir sobre as \u00faltimas iniciativas do secret\u00e1rio Kerry em rela\u00e7\u00e3o (ao conflito) Israel-Palestina e \u00e0 S\u00edria. Queremos contribuir para uma solu\u00e7\u00e3o pac\u00edfica e diplom\u00e1tica para todas essas quest\u00f5es\u201d, destacou Patriota.<\/p>\n<p>Antes da viagem aos EUA, a presidente Dilma Rousseff deve participar, em Nova York, em setembro, da Assembleia Geral das Na\u00e7\u00f5es Unidas. Mas o car\u00e1ter da visita n\u00e3o ser\u00e1 de chefe de Estado. O convite \u00e0 presidente, segundo assessores brasileiros, foi feito pelo presidente americano, Barack Obama.<\/p>\n","protected":false},"excerpt":{"rendered":"<p>O secret\u00e1rio de Estado americano, John Kerry, destacou na segunda-feira (20) a import\u00e2ncia do Brasil no cen\u00e1rio internacional durante conversa com o ministro das Rela\u00e7\u00f5es Exteriores do Pa\u00eds, Antonio Patriota, em Washington. Kerry e Patriota trataram, entre outros temas, da primeira visita de Estado da presidente\u00a0Dilma Rousseff\u00a0ao pa\u00eds, provavelmente em outubro. Os EUA reservam esse tipo de visita apenas aos parceiros estrat\u00e9gicos.<\/p>\n","protected":false},"author":1,"featured_media":668,"comment_status":"open","ping_status":"open","sticky":false,"template":"","format":"standard","meta":{"_links_to":"","_links_to_target":""},"categories":[7,1],"tags":[],"views":2863,"_links":{"self":[{"href":"https:\/\/www.brazilianpress.com\/v1\/wp-json\/wp\/v2\/posts\/667"}],"collection":[{"href":"https:\/\/www.brazilianpress.com\/v1\/wp-json\/wp\/v2\/posts"}],"about":[{"href":"https:\/\/www.brazilianpress.com\/v1\/wp-json\/wp\/v2\/types\/post"}],"author":[{"embeddable":true,"href":"https:\/\/www.brazilianpress.com\/v1\/wp-json\/wp\/v2\/users\/1"}],"replies":[{"embeddable":true,"href":"https:\/\/www.brazilianpress.com\/v1\/wp-json\/wp\/v2\/comments?post=667"}],"version-history":[{"count":2,"href":"https:\/\/www.brazilianpress.com\/v1\/wp-json\/wp\/v2\/posts\/667\/revisions"}],"predecessor-version":[{"id":670,"href":"https:\/\/www.brazilianpress.com\/v1\/wp-json\/wp\/v2\/posts\/667\/revisions\/670"}],"wp:featuredmedia":[{"embeddable":true,"href":"https:\/\/www.brazilianpress.com\/v1\/wp-json\/wp\/v2\/media\/668"}],"wp:attachment":[{"href":"https:\/\/www.brazilianpress.com\/v1\/wp-json\/wp\/v2\/media?parent=667"}],"wp:term":[{"taxonomy":"category","embeddable":true,"href":"https:\/\/www.brazilianpress.com\/v1\/wp-json\/wp\/v2\/categories?post=667"},{"taxonomy":"post_tag","embeddable":true,"href":"https:\/\/www.brazilianpress.com\/v1\/wp-json\/wp\/v2\/tags?post=667"}],"curies":[{"name":"wp","href":"https:\/\/api.w.org\/{rel}","templated":true}]}}