{"id":671,"date":"2013-05-23T14:51:17","date_gmt":"2013-05-23T18:51:17","guid":{"rendered":"http:\/\/www.brazilianpress.com\/v1\/?p=671"},"modified":"2013-05-23T14:51:17","modified_gmt":"2013-05-23T18:51:17","slug":"escandalos-levantam-duvidas-sobre-o-que-obama-espera-de-seu-segundo-mandato","status":"publish","type":"post","link":"https:\/\/www.brazilianpress.com\/v1\/2013\/05\/23\/escandalos-levantam-duvidas-sobre-o-que-obama-espera-de-seu-segundo-mandato\/","title":{"rendered":"Esc\u00e2ndalos levantam d\u00favidas sobre o que Obama espera de seu segundo mandato"},"content":{"rendered":"<p>Frustrado no Capit\u00f3lio e no Oriente M\u00e9dio,\u00a0agora assolado por esc\u00e2ndalos\u00a0, o presidente Barack Obama chegou a um ponto apenas seis meses ap\u00f3s sua\u00a0reelei\u00e7\u00e3o\u00a0em que o\u00a0segundo mandato\u00a0que esperava ter colide com o que de fato tem. Obama saiu de uma\u00a0campanha bem disputada\u00a0em novembro com a confian\u00e7a renovada de que poderia moldar os pr\u00f3ximos quatro anos com uma vis\u00e3o de governo ativista agindo como uma for\u00e7a para o bem da sociedade americana. Mas as pol\u00eamicas dos \u00faltimos dias refor\u00e7aram os temores de um governo intrusivo e tamb\u00e9m impuseram quest\u00f5es sobre a capacidade de Obama de dominar sua pr\u00f3pria presid\u00eancia.<!--more--><\/p>\n<p><img class=\"alignnone size-full wp-image-673\" alt=\"escandalo obama\" src=\"http:\/\/www.brazilianpress.com\/v1\/wp-content\/uploads\/2013\/05\/escandalo-obama.jpg\" width=\"500\" srcset=\"https:\/\/www.brazilianpress.com\/v1\/wp-content\/uploads\/2013\/05\/escandalo-obama.jpg 652w, https:\/\/www.brazilianpress.com\/v1\/wp-content\/uploads\/2013\/05\/escandalo-obama-300x187.jpg 300w\" sizes=\"(max-width: 652px) 100vw, 652px\" \/><\/p>\n<p>Os desafios sublinharam um paradoxo a respeito do 44 \u00ba presidente. Ele preside um governo que, para os cr\u00edticos, parece cada vez mais intrusivo, ditando as escolhas da\u00a0assist\u00eancia \u00e0 sa\u00fade\u00a0, fazendopol\u00edtica com a Receita Federal\u00a0e espionando registros telef\u00f4nicos dos jornalistas. No entanto, \u00e0s vezes, Obama parece ser um mero espectador que ocupa o cargo mais poderoso do mundo, fustigado por partidarismo e for\u00e7as que v\u00e3o al\u00e9m de seu controle.<\/p>\n<p>Ao anunciar em 15 de maio a sa\u00edda do diretor interino da Receita Federal, ele retratou a si mesmo como um espectador do esc\u00e2ndalo, mas com o poder para realizar mudan\u00e7as. A discuss\u00e3o com os republicanos sobre o ataque contra os EUA em Benghazi em setembro, alega Obama, \u00e9 uma quest\u00e3o pol\u00edtica descarada. O caso, por\u00e9m, for\u00e7ou a Casa Branca a\u00a0divulgar na quarta e-mails\u00a0para\u00a0mostrar\u00a0que assessores pr\u00f3ximos do presidente tiveram pouco envolvimento no seu aspecto mais debatido.<\/p>\n<p>Tamb\u00e9m segundo seus assessores, Obama n\u00e3o \u00e9 capaz de for\u00e7ar o Congresso a aprovar um\u00a0projeto de lei de controle de armas\u00a0mesmo modesto.\u00a0E, em mais um sinal ruim para sua presid\u00eancia, a matan\u00e7a na S\u00edria\u00a0desafia a capacidade dos EUA de intervir.<\/p>\n<p>A \u00e1rea mais \u00f3bvia para um poss\u00edvel progresso \u00e9 a\u00a0imigra\u00e7\u00e3o\u00a0, em que os republicanos parecem querer chegar a um acordo para melhorar sua posi\u00e7\u00e3o com os eleitores latinos. Assessores mant\u00eam a esperan\u00e7a de chegar a um acordo sobre o Or\u00e7amento, de ressuscitar o controle de armas e utilizar os poderes executivos para reduzir as emiss\u00f5es de gases-estufa. E Obama poderia moldar as pol\u00edticas ao colocar sua assist\u00eancia \u00e0 sa\u00fade em vigor, ao nomear ju\u00edzes federais e um presidente do Federal Reserva (Banco Central americano) e ao retirar mais soldados do Afeganist\u00e3o.<\/p>\n<p>Para Obama, a queda acentuada na proje\u00e7\u00e3o do d\u00e9ficit, anunciada no dia 14 pelo Escrit\u00f3rio de Or\u00e7amento do Congresso, serviu como um lembrete de que terminar seu mandato com uma economia mais saud\u00e1vel poderia ser mais importante para seu legado do que os contratempos desta semana.<\/p>\n<p>Ainda assim, os \u00faltimos acontecimentos poderiam fortalecer a impress\u00e3o de uma presid\u00eancia de Obama que ampliou o alcance do governo para al\u00e9m do que muitos americanos gostariam. E eles podem minar uma ferramenta poderosa da presid\u00eancia, a capacidade de atrair a aten\u00e7\u00e3o p\u00fablica.<\/p>\n","protected":false},"excerpt":{"rendered":"<p>Frustrado no Capit\u00f3lio e no Oriente M\u00e9dio,\u00a0agora assolado por esc\u00e2ndalos\u00a0, o presidente Barack Obama chegou a um ponto apenas seis meses ap\u00f3s sua\u00a0reelei\u00e7\u00e3o\u00a0em que o\u00a0segundo mandato\u00a0que esperava ter colide com o que de fato tem. Obama saiu de uma\u00a0campanha bem disputada\u00a0em novembro com a confian\u00e7a renovada de que poderia moldar os pr\u00f3ximos quatro anos com uma vis\u00e3o de governo ativista agindo como uma for\u00e7a para o bem da sociedade americana. Mas as pol\u00eamicas dos \u00faltimos dias refor\u00e7aram os temores de um governo intrusivo e tamb\u00e9m impuseram quest\u00f5es sobre a capacidade de Obama de dominar sua pr\u00f3pria presid\u00eancia.<\/p>\n","protected":false},"author":1,"featured_media":673,"comment_status":"open","ping_status":"open","sticky":false,"template":"","format":"standard","meta":{"_links_to":"","_links_to_target":""},"categories":[1,10],"tags":[],"views":2748,"_links":{"self":[{"href":"https:\/\/www.brazilianpress.com\/v1\/wp-json\/wp\/v2\/posts\/671"}],"collection":[{"href":"https:\/\/www.brazilianpress.com\/v1\/wp-json\/wp\/v2\/posts"}],"about":[{"href":"https:\/\/www.brazilianpress.com\/v1\/wp-json\/wp\/v2\/types\/post"}],"author":[{"embeddable":true,"href":"https:\/\/www.brazilianpress.com\/v1\/wp-json\/wp\/v2\/users\/1"}],"replies":[{"embeddable":true,"href":"https:\/\/www.brazilianpress.com\/v1\/wp-json\/wp\/v2\/comments?post=671"}],"version-history":[{"count":2,"href":"https:\/\/www.brazilianpress.com\/v1\/wp-json\/wp\/v2\/posts\/671\/revisions"}],"predecessor-version":[{"id":675,"href":"https:\/\/www.brazilianpress.com\/v1\/wp-json\/wp\/v2\/posts\/671\/revisions\/675"}],"wp:featuredmedia":[{"embeddable":true,"href":"https:\/\/www.brazilianpress.com\/v1\/wp-json\/wp\/v2\/media\/673"}],"wp:attachment":[{"href":"https:\/\/www.brazilianpress.com\/v1\/wp-json\/wp\/v2\/media?parent=671"}],"wp:term":[{"taxonomy":"category","embeddable":true,"href":"https:\/\/www.brazilianpress.com\/v1\/wp-json\/wp\/v2\/categories?post=671"},{"taxonomy":"post_tag","embeddable":true,"href":"https:\/\/www.brazilianpress.com\/v1\/wp-json\/wp\/v2\/tags?post=671"}],"curies":[{"name":"wp","href":"https:\/\/api.w.org\/{rel}","templated":true}]}}