{"id":676,"date":"2013-05-23T15:22:36","date_gmt":"2013-05-23T19:22:36","guid":{"rendered":"http:\/\/www.brazilianpress.com\/v1\/?p=676"},"modified":"2013-05-23T15:24:05","modified_gmt":"2013-05-23T19:24:05","slug":"renan-fariaz-esquentando-as-noites-do-casa-nova-grill","status":"publish","type":"post","link":"https:\/\/www.brazilianpress.com\/v1\/2013\/05\/23\/renan-fariaz-esquentando-as-noites-do-casa-nova-grill\/","title":{"rendered":"Renan Fariaz esquentando as noites do Casa Nova Grill"},"content":{"rendered":"<p><strong>Junior Schutt<\/strong><\/p>\n<p>Jovem, charmoso e super talentoso, o m\u00fasico carioca Renan Fariaz, conhecido pela voz inconfund\u00edvel e atraente, imprime seu estilo em v\u00e1rios percursos musicais, desde samba, pagode, ax\u00e9, sertanejo e tamb\u00e9m m\u00fasica pop brasileira, e vem se destacando em nossa comunidade como a grande revela\u00e7\u00e3o da temporada. <span style=\"color: #993300;\"><strong>Clique nas fotos para ampliar:<\/strong><\/span> <!--more--><\/p>\n\n\t\t<style type=\"text\/css\">\n\t\t\t#gallery-1 {\n\t\t\t\tmargin: auto;\n\t\t\t}\n\t\t\t#gallery-1 .gallery-item {\n\t\t\t\tfloat: left;\n\t\t\t\tmargin-top: 10px;\n\t\t\t\ttext-align: center;\n\t\t\t\twidth: 33%;\n\t\t\t}\n\t\t\t#gallery-1 img {\n\t\t\t\tborder: 2px solid #cfcfcf;\n\t\t\t}\n\t\t\t#gallery-1 .gallery-caption {\n\t\t\t\tmargin-left: 0;\n\t\t\t}\n\t\t\t\/* see gallery_shortcode() in wp-includes\/media.php *\/\n\t\t<\/style>\n\t\t<div id='gallery-1' class='gallery galleryid-676 gallery-columns-3 gallery-size-thumbnail'><dl class='gallery-item'>\n\t\t\t<dt class='gallery-icon landscape'>\n\t\t\t\t<a href=\"https:\/\/www.brazilianpress.com\/v1\/wp-content\/uploads\/2013\/05\/casa-nova-20130523-01.jpg\" class=\"gallery_colorbox\"><img width=\"150\" height=\"150\" src=\"https:\/\/www.brazilianpress.com\/v1\/wp-content\/uploads\/2013\/05\/casa-nova-20130523-01-150x150.jpg\"  class=\"attachment-thumbnail size-thumbnail\" alt=\"\" loading=\"lazy\" \/><\/a>\n\t\t\t<\/dt><\/dl><dl class='gallery-item'>\n\t\t\t<dt class='gallery-icon landscape'>\n\t\t\t\t<a href=\"https:\/\/www.brazilianpress.com\/v1\/wp-content\/uploads\/2013\/05\/casa-nova-20130523-02.jpg\" class=\"gallery_colorbox\"><img width=\"150\" height=\"150\" src=\"https:\/\/www.brazilianpress.com\/v1\/wp-content\/uploads\/2013\/05\/casa-nova-20130523-02-150x150.jpg\"  class=\"attachment-thumbnail size-thumbnail\" alt=\"\" loading=\"lazy\" \/><\/a>\n\t\t\t<\/dt><\/dl><dl class='gallery-item'>\n\t\t\t<dt class='gallery-icon landscape'>\n\t\t\t\t<a href=\"https:\/\/www.brazilianpress.com\/v1\/wp-content\/uploads\/2013\/05\/casa-nova-20130523-03.jpg\" class=\"gallery_colorbox\"><img width=\"150\" height=\"150\" src=\"https:\/\/www.brazilianpress.com\/v1\/wp-content\/uploads\/2013\/05\/casa-nova-20130523-03-150x150.jpg\"  class=\"attachment-thumbnail size-thumbnail\" alt=\"\" loading=\"lazy\" \/><\/a>\n\t\t\t<\/dt><\/dl><br style=\"clear: both\" \/><dl class='gallery-item'>\n\t\t\t<dt class='gallery-icon landscape'>\n\t\t\t\t<a href=\"https:\/\/www.brazilianpress.com\/v1\/wp-content\/uploads\/2013\/05\/casa-nova-20130523-04.jpg\" class=\"gallery_colorbox\"><img width=\"150\" height=\"150\" src=\"https:\/\/www.brazilianpress.com\/v1\/wp-content\/uploads\/2013\/05\/casa-nova-20130523-04-150x150.jpg\"  class=\"attachment-thumbnail size-thumbnail\" alt=\"\" loading=\"lazy\" \/><\/a>\n\t\t\t<\/dt><\/dl><dl class='gallery-item'>\n\t\t\t<dt class='gallery-icon landscape'>\n\t\t\t\t<a href=\"https:\/\/www.brazilianpress.com\/v1\/wp-content\/uploads\/2013\/05\/casa-nova-20130523-05.jpg\" class=\"gallery_colorbox\"><img width=\"150\" height=\"150\" src=\"https:\/\/www.brazilianpress.com\/v1\/wp-content\/uploads\/2013\/05\/casa-nova-20130523-05-150x150.jpg\"  class=\"attachment-thumbnail size-thumbnail\" alt=\"\" loading=\"lazy\" \/><\/a>\n\t\t\t<\/dt><\/dl><dl class='gallery-item'>\n\t\t\t<dt class='gallery-icon portrait'>\n\t\t\t\t<a href=\"https:\/\/www.brazilianpress.com\/v1\/wp-content\/uploads\/2013\/05\/casa-nova-20130523-06.jpg\" class=\"gallery_colorbox\"><img width=\"150\" height=\"150\" src=\"https:\/\/www.brazilianpress.com\/v1\/wp-content\/uploads\/2013\/05\/casa-nova-20130523-06-150x150.jpg\"  class=\"attachment-thumbnail size-thumbnail\" alt=\"\" loading=\"lazy\" \/><\/a>\n\t\t\t<\/dt><\/dl><br style=\"clear: both\" \/><dl class='gallery-item'>\n\t\t\t<dt class='gallery-icon landscape'>\n\t\t\t\t<a href=\"https:\/\/www.brazilianpress.com\/v1\/wp-content\/uploads\/2013\/05\/casa-nova-20130523-07.jpg\" class=\"gallery_colorbox\"><img width=\"150\" height=\"150\" src=\"https:\/\/www.brazilianpress.com\/v1\/wp-content\/uploads\/2013\/05\/casa-nova-20130523-07-150x150.jpg\"  class=\"attachment-thumbnail size-thumbnail\" alt=\"\" loading=\"lazy\" \/><\/a>\n\t\t\t<\/dt><\/dl><dl class='gallery-item'>\n\t\t\t<dt class='gallery-icon landscape'>\n\t\t\t\t<a href=\"https:\/\/www.brazilianpress.com\/v1\/wp-content\/uploads\/2013\/05\/casa-nova-20130523-08.jpg\" class=\"gallery_colorbox\"><img width=\"150\" height=\"150\" src=\"https:\/\/www.brazilianpress.com\/v1\/wp-content\/uploads\/2013\/05\/casa-nova-20130523-08-150x150.jpg\"  class=\"attachment-thumbnail size-thumbnail\" alt=\"\" loading=\"lazy\" \/><\/a>\n\t\t\t<\/dt><\/dl><dl class='gallery-item'>\n\t\t\t<dt class='gallery-icon portrait'>\n\t\t\t\t<a href=\"https:\/\/www.brazilianpress.com\/v1\/wp-content\/uploads\/2013\/05\/casa-nova-20130523-09.jpg\" class=\"gallery_colorbox\"><img width=\"150\" height=\"150\" src=\"https:\/\/www.brazilianpress.com\/v1\/wp-content\/uploads\/2013\/05\/casa-nova-20130523-09-150x150.jpg\"  class=\"attachment-thumbnail size-thumbnail\" alt=\"\" loading=\"lazy\" \/><\/a>\n\t\t\t<\/dt><\/dl><br style=\"clear: both\" \/>\n\t\t<\/div>\n\n<p>Ap\u00f3s passar algum tempo no Brasil, Renan retornou aos Estados Unidos, para prosseguir a carreira, atuando na cena musical local, e participa\u00e7\u00f5es em v\u00e1rios shows e eventos musicais na \u00e1rea tri-estatal. Muitos j\u00e1 conhecem esse brilhante int\u00e9rprete, que vem agitando e esquentando a pista de dan\u00e7a com muita gente bonita. Para conferir o talento deste jovem, re\u00fana os amigos e marque presen\u00e7a no Casa Nova Grill, localizado no 264 Ferry Street, Newark-NJ, o point ideal para celebrar com a galera. Para informa\u00e7\u00f5es ligue (973)817-7272 ou 817-8712.<\/p>\n","protected":false},"excerpt":{"rendered":"<p>Junior Schutt Jovem, charmoso e super talentoso, o m\u00fasico carioca Renan Fariaz, conhecido pela voz inconfund\u00edvel e atraente, imprime seu estilo em v\u00e1rios percursos musicais, desde samba, pagode, ax\u00e9, sertanejo e tamb\u00e9m m\u00fasica pop brasileira, e vem se destacando em nossa comunidade como a grande revela\u00e7\u00e3o da temporada. Clique nas fotos para ampliar:<\/p>\n","protected":false},"author":1,"featured_media":683,"comment_status":"open","ping_status":"open","sticky":false,"template":"","format":"standard","meta":{"_links_to":"","_links_to_target":""},"categories":[4,19,1],"tags":[],"views":4050,"_links":{"self":[{"href":"https:\/\/www.brazilianpress.com\/v1\/wp-json\/wp\/v2\/posts\/676"}],"collection":[{"href":"https:\/\/www.brazilianpress.com\/v1\/wp-json\/wp\/v2\/posts"}],"about":[{"href":"https:\/\/www.brazilianpress.com\/v1\/wp-json\/wp\/v2\/types\/post"}],"author":[{"embeddable":true,"href":"https:\/\/www.brazilianpress.com\/v1\/wp-json\/wp\/v2\/users\/1"}],"replies":[{"embeddable":true,"href":"https:\/\/www.brazilianpress.com\/v1\/wp-json\/wp\/v2\/comments?post=676"}],"version-history":[{"count":3,"href":"https:\/\/www.brazilianpress.com\/v1\/wp-json\/wp\/v2\/posts\/676\/revisions"}],"predecessor-version":[{"id":687,"href":"https:\/\/www.brazilianpress.com\/v1\/wp-json\/wp\/v2\/posts\/676\/revisions\/687"}],"wp:featuredmedia":[{"embeddable":true,"href":"https:\/\/www.brazilianpress.com\/v1\/wp-json\/wp\/v2\/media\/683"}],"wp:attachment":[{"href":"https:\/\/www.brazilianpress.com\/v1\/wp-json\/wp\/v2\/media?parent=676"}],"wp:term":[{"taxonomy":"category","embeddable":true,"href":"https:\/\/www.brazilianpress.com\/v1\/wp-json\/wp\/v2\/categories?post=676"},{"taxonomy":"post_tag","embeddable":true,"href":"https:\/\/www.brazilianpress.com\/v1\/wp-json\/wp\/v2\/tags?post=676"}],"curies":[{"name":"wp","href":"https:\/\/api.w.org\/{rel}","templated":true}]}}