{"id":697,"date":"2013-05-23T15:10:07","date_gmt":"2013-05-23T19:10:07","guid":{"rendered":"http:\/\/www.brazilianpress.com\/v1\/?p=697"},"modified":"2013-05-23T15:58:01","modified_gmt":"2013-05-23T19:58:01","slug":"durante-perseguicao-de-newark-a-cranbury-15-motociclistas-foram-presos","status":"publish","type":"post","link":"https:\/\/www.brazilianpress.com\/v1\/2013\/05\/23\/durante-perseguicao-de-newark-a-cranbury-15-motociclistas-foram-presos\/","title":{"rendered":"Durante persegui\u00e7\u00e3o de Newark a Cranbury, 15 motociclistas foram presos"},"content":{"rendered":"<p><strong>Roger Costa<\/strong><\/p>\n<p>A tentativa de controlar o tr\u00e1fego no tr\u00e2nsito por um policial de tr\u00e2nsito de New Jersey, na manh\u00e3 de domingo (19), na Turnpike, resultou em uma persegui\u00e7\u00e3o gigantesca, a um grupo de 15 motociclistas, divulgou a Pol\u00edcia do Estado. Ao menos, dois dos motociclistas estavam carregando armas, declarou Sargento Brian Polite. <!--more--><\/p>\n<p><img loading=\"lazy\" class=\"alignnone size-full wp-image-698\" alt=\"policia perseguicao moto\" src=\"http:\/\/www.brazilianpress.com\/v1\/wp-content\/uploads\/2013\/05\/policia-perseguicao-moto.jpg\" width=\"380\" height=\"253\" srcset=\"https:\/\/www.brazilianpress.com\/v1\/wp-content\/uploads\/2013\/05\/policia-perseguicao-moto.jpg 380w, https:\/\/www.brazilianpress.com\/v1\/wp-content\/uploads\/2013\/05\/policia-perseguicao-moto-300x199.jpg 300w\" sizes=\"(max-width: 380px) 100vw, 380px\" \/><\/p>\n<p>Por volta de 1h30 da manh\u00e3, um policial tentava contornar para dentro da \u00e1rea de vigil\u00e2ncia usada pela Pol\u00edcia de Newark na Turnpike, quando foi bloqueado por uma linha de motociclistas, disse Polite, quando o policial notou que um deles n\u00e3o tinha a placa da moto vis\u00edvel, tentou par\u00e1-lo. O condutor recusou-se a parar e o grupo ent\u00e3o come\u00e7ou a rodar em c\u00edrculos bloqueando o acesso do policial. Uma persegui\u00e7\u00e3o foi iniciada no trajeto sul em dire\u00e7\u00e3o a Cranbury no Condado de Middlesex, onde todos os 15 foram capturados, inclusive o que se recusou a parar. As motos foram apreendidas, e todos foram indiciados por impedir o trabalho de uma autoridade e resistir a pris\u00e3o, encaminhados para o Middlesex County Jail. Dois deles ainda encaram incrimina\u00e7\u00f5es de porte de armas.<\/p>\n","protected":false},"excerpt":{"rendered":"<p>Roger Costa A tentativa de controlar o tr\u00e1fego no tr\u00e2nsito por um policial de tr\u00e2nsito de New Jersey, na manh\u00e3 de domingo (19), na Turnpike, resultou em uma persegui\u00e7\u00e3o gigantesca, a um grupo de 15 motociclistas, divulgou a Pol\u00edcia do Estado. Ao menos, dois dos motociclistas estavam carregando armas, declarou Sargento Brian Polite.<\/p>\n","protected":false},"author":1,"featured_media":698,"comment_status":"open","ping_status":"open","sticky":false,"template":"","format":"standard","meta":{"_links_to":"","_links_to_target":""},"categories":[4,1],"tags":[],"views":2579,"_links":{"self":[{"href":"https:\/\/www.brazilianpress.com\/v1\/wp-json\/wp\/v2\/posts\/697"}],"collection":[{"href":"https:\/\/www.brazilianpress.com\/v1\/wp-json\/wp\/v2\/posts"}],"about":[{"href":"https:\/\/www.brazilianpress.com\/v1\/wp-json\/wp\/v2\/types\/post"}],"author":[{"embeddable":true,"href":"https:\/\/www.brazilianpress.com\/v1\/wp-json\/wp\/v2\/users\/1"}],"replies":[{"embeddable":true,"href":"https:\/\/www.brazilianpress.com\/v1\/wp-json\/wp\/v2\/comments?post=697"}],"version-history":[{"count":3,"href":"https:\/\/www.brazilianpress.com\/v1\/wp-json\/wp\/v2\/posts\/697\/revisions"}],"predecessor-version":[{"id":713,"href":"https:\/\/www.brazilianpress.com\/v1\/wp-json\/wp\/v2\/posts\/697\/revisions\/713"}],"wp:featuredmedia":[{"embeddable":true,"href":"https:\/\/www.brazilianpress.com\/v1\/wp-json\/wp\/v2\/media\/698"}],"wp:attachment":[{"href":"https:\/\/www.brazilianpress.com\/v1\/wp-json\/wp\/v2\/media?parent=697"}],"wp:term":[{"taxonomy":"category","embeddable":true,"href":"https:\/\/www.brazilianpress.com\/v1\/wp-json\/wp\/v2\/categories?post=697"},{"taxonomy":"post_tag","embeddable":true,"href":"https:\/\/www.brazilianpress.com\/v1\/wp-json\/wp\/v2\/tags?post=697"}],"curies":[{"name":"wp","href":"https:\/\/api.w.org\/{rel}","templated":true}]}}