{"id":700,"date":"2013-05-23T15:52:16","date_gmt":"2013-05-23T19:52:16","guid":{"rendered":"http:\/\/www.brazilianpress.com\/v1\/?p=700"},"modified":"2013-05-23T15:52:16","modified_gmt":"2013-05-23T19:52:16","slug":"em-new-jersey-homem-agride-vizinho-com-garrafa-quebrada","status":"publish","type":"post","link":"https:\/\/www.brazilianpress.com\/v1\/2013\/05\/23\/em-new-jersey-homem-agride-vizinho-com-garrafa-quebrada\/","title":{"rendered":"Em New Jersey homem agride vizinho com garrafa quebrada"},"content":{"rendered":"<p><strong>Roger Costa<\/strong><\/p>\n<p>Um homem foi preso no domingo passado, ap\u00f3s atacar seu vizinho com uma garrafa de cerveja quebrada, cortando a v\u00edtima repetidas vezes, divulgou as autoridades.<!--more--><\/p>\n<p><img class=\"alignleft  wp-image-701\" alt=\"esfaqueamento policia new jersey\" src=\"http:\/\/www.brazilianpress.com\/v1\/wp-content\/uploads\/2013\/05\/esfaqueamento-policia-new-jersey-300x300.jpg\" width=\"220\" srcset=\"https:\/\/www.brazilianpress.com\/v1\/wp-content\/uploads\/2013\/05\/esfaqueamento-policia-new-jersey-300x300.jpg 300w, https:\/\/www.brazilianpress.com\/v1\/wp-content\/uploads\/2013\/05\/esfaqueamento-policia-new-jersey-150x150.jpg 150w, https:\/\/www.brazilianpress.com\/v1\/wp-content\/uploads\/2013\/05\/esfaqueamento-policia-new-jersey.jpg 378w\" sizes=\"(max-width: 300px) 100vw, 300px\" \/>Nelson Gomez-Marroquin, 28 anos, residente em Bernardsville, foi incriminado por agress\u00e3o, ataque e possess\u00e3o de uma arma com inten\u00e7\u00e3o de cometer homic\u00eddio de acordo com o Chief Detective Stuart Buckman e Police Chief Kevin Valentine. Por volta das 2h52 da manh\u00e3, as autoridades receberam um chamado, e policiais chegaram \u00e0 \u00e1rea da Anderson Hill Road e Olcott Square minutos depois, encontrando a v\u00edtima de 20 anos de idade, coberta em sangue, com ferimentos e cortes causados pela garrafa, no peito e em ambos os bra\u00e7os, e enquanto tentavam controlar o sangramento, a v\u00edtima perdeu consci\u00eancia, sendo encaminhada para o Morristown Medical Center para tratamento.<\/p>\n<p>Os detetives descobriram que o homem foi atacado na Prospect Street em Bernardsville. Em depoimentos colhidos subsequentemente, a v\u00edtima denunciou o agressor e os policiais o prenderam em sua resid\u00eancia. Ele est\u00e1 preso sob fian\u00e7a de $50.000 senten\u00e7a declarada pelo Ju\u00edz Robert Reed da Superior Court em Somerville. As autoridades ainda n\u00e3o conclu\u00edram as investiga\u00e7\u00f5es, para definir o motivo, mas acredita-se que a v\u00edtima j\u00e1 vinha sendo amea\u00e7ada h\u00e1 algum tempo. Qualquer pessoa com informa\u00e7\u00f5es sobre este caso contate (908)575-3300 ou (908)766-0037. As informa\u00e7\u00f5es ser\u00e3o mantidas em sigilo.<\/p>\n","protected":false},"excerpt":{"rendered":"<p>Roger Costa Um homem foi preso no domingo passado, ap\u00f3s atacar seu vizinho com uma garrafa de cerveja quebrada, cortando a v\u00edtima repetidas vezes, divulgou as autoridades.<\/p>\n","protected":false},"author":1,"featured_media":701,"comment_status":"open","ping_status":"open","sticky":false,"template":"","format":"standard","meta":{"_links_to":"","_links_to_target":""},"categories":[4,1],"tags":[],"views":2795,"_links":{"self":[{"href":"https:\/\/www.brazilianpress.com\/v1\/wp-json\/wp\/v2\/posts\/700"}],"collection":[{"href":"https:\/\/www.brazilianpress.com\/v1\/wp-json\/wp\/v2\/posts"}],"about":[{"href":"https:\/\/www.brazilianpress.com\/v1\/wp-json\/wp\/v2\/types\/post"}],"author":[{"embeddable":true,"href":"https:\/\/www.brazilianpress.com\/v1\/wp-json\/wp\/v2\/users\/1"}],"replies":[{"embeddable":true,"href":"https:\/\/www.brazilianpress.com\/v1\/wp-json\/wp\/v2\/comments?post=700"}],"version-history":[{"count":1,"href":"https:\/\/www.brazilianpress.com\/v1\/wp-json\/wp\/v2\/posts\/700\/revisions"}],"predecessor-version":[{"id":702,"href":"https:\/\/www.brazilianpress.com\/v1\/wp-json\/wp\/v2\/posts\/700\/revisions\/702"}],"wp:featuredmedia":[{"embeddable":true,"href":"https:\/\/www.brazilianpress.com\/v1\/wp-json\/wp\/v2\/media\/701"}],"wp:attachment":[{"href":"https:\/\/www.brazilianpress.com\/v1\/wp-json\/wp\/v2\/media?parent=700"}],"wp:term":[{"taxonomy":"category","embeddable":true,"href":"https:\/\/www.brazilianpress.com\/v1\/wp-json\/wp\/v2\/categories?post=700"},{"taxonomy":"post_tag","embeddable":true,"href":"https:\/\/www.brazilianpress.com\/v1\/wp-json\/wp\/v2\/tags?post=700"}],"curies":[{"name":"wp","href":"https:\/\/api.w.org\/{rel}","templated":true}]}}