{"id":725,"date":"2013-05-30T09:26:56","date_gmt":"2013-05-30T13:26:56","guid":{"rendered":"http:\/\/www.brazilianpress.com\/v1\/?p=725"},"modified":"2013-06-06T09:39:45","modified_gmt":"2013-06-06T13:39:45","slug":"social-press-30052013","status":"publish","type":"post","link":"https:\/\/www.brazilianpress.com\/v1\/2013\/05\/30\/social-press-30052013\/","title":{"rendered":"Social Press . 30\/05\/2013"},"content":{"rendered":"<p><strong><em><strong><em><img loading=\"lazy\" class=\"alignnone size-full wp-image-732\" alt=\"social press 1629 20130530 (12)\" src=\"http:\/\/www.brazilianpress.com\/v1\/wp-content\/uploads\/2013\/05\/social-press-1629-20130530-12.jpg\" width=\"450\" height=\"300\" srcset=\"https:\/\/www.brazilianpress.com\/v1\/wp-content\/uploads\/2013\/05\/social-press-1629-20130530-12.jpg 450w, https:\/\/www.brazilianpress.com\/v1\/wp-content\/uploads\/2013\/05\/social-press-1629-20130530-12-300x200.jpg 300w\" sizes=\"(max-width: 450px) 100vw, 450px\" \/><br \/>\nToda sexta-feira o Casa Nova \u00e9 assim: boa m\u00fasica, alto astral e as mulheres lindas que perfumam o ambiente. Voc\u00ea n\u00e3o pode ficar de fora!<\/em><\/strong><\/em><\/strong><\/p>\n<p><strong><em><img loading=\"lazy\" class=\"alignnone size-full wp-image-721\" alt=\"social press 1629 20130530 (2)\" src=\"http:\/\/www.brazilianpress.com\/v1\/wp-content\/uploads\/2013\/05\/social-press-1629-20130530-2.jpg\" width=\"450\" height=\"300\" srcset=\"https:\/\/www.brazilianpress.com\/v1\/wp-content\/uploads\/2013\/05\/social-press-1629-20130530-2.jpg 450w, https:\/\/www.brazilianpress.com\/v1\/wp-content\/uploads\/2013\/05\/social-press-1629-20130530-2-300x200.jpg 300w\" sizes=\"(max-width: 450px) 100vw, 450px\" \/><br \/>\nRafael Nascimento fez o Pedido de Casamento \u00e0 noiva Andreia Ferreira, e aproveitaram para curtir o Show Sexo A Com\u00e9dia, em Manhattan. Acesse nosso site para cobertura exclusiva de fotos.<\/em><\/strong><\/p>\n<p><strong><em><img loading=\"lazy\" class=\"alignnone size-full wp-image-730\" alt=\"social press 1629 20130530 (10)\" src=\"http:\/\/www.brazilianpress.com\/v1\/wp-content\/uploads\/2013\/05\/social-press-1629-20130530-10.jpg\" width=\"450\" height=\"338\" srcset=\"https:\/\/www.brazilianpress.com\/v1\/wp-content\/uploads\/2013\/05\/social-press-1629-20130530-10.jpg 450w, https:\/\/www.brazilianpress.com\/v1\/wp-content\/uploads\/2013\/05\/social-press-1629-20130530-10-300x225.jpg 300w\" sizes=\"(max-width: 450px) 100vw, 450px\" \/><br \/>\nHappy Birthday a nossa amiga espanhola Ainhoa Sanfrutos, que completou mais uma Primavera ontem.<!--more--><\/em><\/strong><\/p>\n<p><strong><em><img loading=\"lazy\" class=\"alignnone size-full wp-image-731\" alt=\"social press 1629 20130530 (11)\" src=\"http:\/\/www.brazilianpress.com\/v1\/wp-content\/uploads\/2013\/05\/social-press-1629-20130530-11.jpg\" width=\"450\" height=\"300\" srcset=\"https:\/\/www.brazilianpress.com\/v1\/wp-content\/uploads\/2013\/05\/social-press-1629-20130530-11.jpg 450w, https:\/\/www.brazilianpress.com\/v1\/wp-content\/uploads\/2013\/05\/social-press-1629-20130530-11-300x200.jpg 300w\" sizes=\"(max-width: 450px) 100vw, 450px\" \/><br \/>\nVamos Cantar? A Galera super animada curtindo o Karaok\u00ea de Cla\u00fadio Rodrigues, toda quarta no Boi na Brasa.<\/em><\/strong><\/p>\n<p><strong><em><img loading=\"lazy\" class=\"alignnone size-full wp-image-733\" alt=\"social press 1629 20130530 (13)\" src=\"http:\/\/www.brazilianpress.com\/v1\/wp-content\/uploads\/2013\/05\/social-press-1629-20130530-13.jpg\" width=\"450\" height=\"300\" srcset=\"https:\/\/www.brazilianpress.com\/v1\/wp-content\/uploads\/2013\/05\/social-press-1629-20130530-13.jpg 450w, https:\/\/www.brazilianpress.com\/v1\/wp-content\/uploads\/2013\/05\/social-press-1629-20130530-13-300x200.jpg 300w\" sizes=\"(max-width: 450px) 100vw, 450px\" \/><br \/>\nA decoradora e empres\u00e1ria Suellen Moreira fez anivers\u00e1rio domingo passado, e celebrou ao lado de familiares e amigos com uma festa super elegante. Felicidades!<\/em><\/strong><\/p>\n<p><strong><em><img loading=\"lazy\" class=\"alignnone size-full wp-image-734\" alt=\"social press 1629 20130530 (14)\" src=\"http:\/\/www.brazilianpress.com\/v1\/wp-content\/uploads\/2013\/05\/social-press-1629-20130530-14.jpg\" width=\"350\" height=\"467\" srcset=\"https:\/\/www.brazilianpress.com\/v1\/wp-content\/uploads\/2013\/05\/social-press-1629-20130530-14.jpg 350w, https:\/\/www.brazilianpress.com\/v1\/wp-content\/uploads\/2013\/05\/social-press-1629-20130530-14-224x300.jpg 224w\" sizes=\"(max-width: 350px) 100vw, 350px\" \/><br \/>\nAndr\u00e9 Smart Tech, entregou o I-Pad ao sortudo Joe Silva, na final da promo\u00e7\u00e3o lan\u00e7ada por nosso amigo computer scientist e Papai de primeira viagem.<\/em><\/strong><\/p>\n<p><strong><em><img loading=\"lazy\" class=\"alignnone size-full wp-image-718\" alt=\"social press 1629 20130530 (15)\" src=\"http:\/\/www.brazilianpress.com\/v1\/wp-content\/uploads\/2013\/05\/social-press-1629-20130530-15.jpg\" width=\"400\" height=\"400\" srcset=\"https:\/\/www.brazilianpress.com\/v1\/wp-content\/uploads\/2013\/05\/social-press-1629-20130530-15.jpg 400w, https:\/\/www.brazilianpress.com\/v1\/wp-content\/uploads\/2013\/05\/social-press-1629-20130530-15-150x150.jpg 150w, https:\/\/www.brazilianpress.com\/v1\/wp-content\/uploads\/2013\/05\/social-press-1629-20130530-15-300x300.jpg 300w\" sizes=\"(max-width: 400px) 100vw, 400px\" \/><br \/>\nSauda\u00e7\u00f5es ao camarada Gui Santos, que aproveitou o sol do Memorial Day para curtir com a fam\u00edlia.<\/em><\/strong><\/p>\n<p><strong><em><img loading=\"lazy\" class=\"alignnone size-full wp-image-719\" alt=\"social press 1629 20130530 (16)\" src=\"http:\/\/www.brazilianpress.com\/v1\/wp-content\/uploads\/2013\/05\/social-press-1629-20130530-16.jpg\" width=\"450\" height=\"300\" srcset=\"https:\/\/www.brazilianpress.com\/v1\/wp-content\/uploads\/2013\/05\/social-press-1629-20130530-16.jpg 450w, https:\/\/www.brazilianpress.com\/v1\/wp-content\/uploads\/2013\/05\/social-press-1629-20130530-16-300x200.jpg 300w\" sizes=\"(max-width: 450px) 100vw, 450px\" \/><br \/>\n\u00c1gua na Boca: a gatinha Brenda Beleza foi saborear as del\u00edcias do Altas Horas Lanches, agora com mesas ao ar livre. Confira!<\/em><\/strong><\/p>\n<p><strong><em><img loading=\"lazy\" class=\"alignnone size-full wp-image-720\" alt=\"social press 1629 20130530 (1)\" src=\"http:\/\/www.brazilianpress.com\/v1\/wp-content\/uploads\/2013\/05\/social-press-1629-20130530-1.jpg\" width=\"350\" height=\"467\" srcset=\"https:\/\/www.brazilianpress.com\/v1\/wp-content\/uploads\/2013\/05\/social-press-1629-20130530-1.jpg 350w, https:\/\/www.brazilianpress.com\/v1\/wp-content\/uploads\/2013\/05\/social-press-1629-20130530-1-224x300.jpg 224w\" sizes=\"(max-width: 350px) 100vw, 350px\" \/><br \/>\nUm abra\u00e7o a Marina Duda Chagas, que prestigiou o Show do Diante do Trono, sexta passada em Newark.<\/em><\/strong><\/p>\n<p><strong><em><img loading=\"lazy\" class=\"alignnone size-full wp-image-722\" alt=\"social press 1629 20130530 (3)\" src=\"http:\/\/www.brazilianpress.com\/v1\/wp-content\/uploads\/2013\/05\/social-press-1629-20130530-3.jpg\" width=\"350\" height=\"467\" srcset=\"https:\/\/www.brazilianpress.com\/v1\/wp-content\/uploads\/2013\/05\/social-press-1629-20130530-3.jpg 350w, https:\/\/www.brazilianpress.com\/v1\/wp-content\/uploads\/2013\/05\/social-press-1629-20130530-3-224x300.jpg 224w\" sizes=\"(max-width: 350px) 100vw, 350px\" \/><br \/>\nVida Boa: O belo casal Lulu e F\u00e1bio aproveitaram o fim de semana ensolarado curtindo as praias de Ocean City em grande estilo.<\/em><\/strong><\/p>\n<p><strong><em><img loading=\"lazy\" class=\"alignnone size-full wp-image-723\" alt=\"social press 1629 20130530 (4)\" src=\"http:\/\/www.brazilianpress.com\/v1\/wp-content\/uploads\/2013\/05\/social-press-1629-20130530-4.jpg\" width=\"450\" height=\"254\" srcset=\"https:\/\/www.brazilianpress.com\/v1\/wp-content\/uploads\/2013\/05\/social-press-1629-20130530-4.jpg 450w, https:\/\/www.brazilianpress.com\/v1\/wp-content\/uploads\/2013\/05\/social-press-1629-20130530-4-300x169.jpg 300w\" sizes=\"(max-width: 450px) 100vw, 450px\" \/><br \/>\nWelcome to America: as amigas Suzy e Marisa recepcionaram Rhana, que acabou de chegar do Brasil\u00a0 no Casa Nova Grill.<\/em><\/strong><\/p>\n<p><strong><em><img loading=\"lazy\" class=\"alignnone size-full wp-image-724\" alt=\"social press 1629 20130530 (5)\" src=\"http:\/\/www.brazilianpress.com\/v1\/wp-content\/uploads\/2013\/05\/social-press-1629-20130530-5.jpg\" width=\"450\" height=\"300\" srcset=\"https:\/\/www.brazilianpress.com\/v1\/wp-content\/uploads\/2013\/05\/social-press-1629-20130530-5.jpg 450w, https:\/\/www.brazilianpress.com\/v1\/wp-content\/uploads\/2013\/05\/social-press-1629-20130530-5-300x200.jpg 300w\" sizes=\"(max-width: 450px) 100vw, 450px\" \/><br \/>\nTainan e Marinalva em pose ao lado do Governador Chris Christie, durante a abertura oficial do Ver\u00e3o em Wildwoods.<\/em><\/strong><\/p>\n<p><strong><em><img loading=\"lazy\" class=\"alignnone size-full wp-image-726\" alt=\"social press 1629 20130530 (6)\" src=\"http:\/\/www.brazilianpress.com\/v1\/wp-content\/uploads\/2013\/05\/social-press-1629-20130530-6.jpg\" width=\"350\" height=\"467\" srcset=\"https:\/\/www.brazilianpress.com\/v1\/wp-content\/uploads\/2013\/05\/social-press-1629-20130530-6.jpg 350w, https:\/\/www.brazilianpress.com\/v1\/wp-content\/uploads\/2013\/05\/social-press-1629-20130530-6-224x300.jpg 224w\" sizes=\"(max-width: 350px) 100vw, 350px\" \/><br \/>\nVisite o Casa Nova Grill e confira o trabalho da artista Liz Manfredini, exposi\u00e7\u00e3o de pinturas maravilhosas colorindo a atmosfera do restaurante.<\/em><\/strong><\/p>\n<p><strong><em><img loading=\"lazy\" class=\"alignnone size-full wp-image-727\" alt=\"social press 1629 20130530 (7)\" src=\"http:\/\/www.brazilianpress.com\/v1\/wp-content\/uploads\/2013\/05\/social-press-1629-20130530-7.jpg\" width=\"450\" height=\"300\" srcset=\"https:\/\/www.brazilianpress.com\/v1\/wp-content\/uploads\/2013\/05\/social-press-1629-20130530-7.jpg 450w, https:\/\/www.brazilianpress.com\/v1\/wp-content\/uploads\/2013\/05\/social-press-1629-20130530-7-300x200.jpg 300w\" sizes=\"(max-width: 450px) 100vw, 450px\" \/><br \/>\nVai Rolar a Festa: A super DJ Ligia Canjani, agitando as noites de sexta no Boi na Brasa, completa anivers\u00e1rio esta semana. Muitas Felicidades e Sucesso Garota!<\/em><\/strong><\/p>\n<p><strong><em><img loading=\"lazy\" class=\"alignnone size-full wp-image-728\" alt=\"social press 1629 20130530 (8)\" src=\"http:\/\/www.brazilianpress.com\/v1\/wp-content\/uploads\/2013\/05\/social-press-1629-20130530-8.jpg\" width=\"450\" height=\"300\" srcset=\"https:\/\/www.brazilianpress.com\/v1\/wp-content\/uploads\/2013\/05\/social-press-1629-20130530-8.jpg 450w, https:\/\/www.brazilianpress.com\/v1\/wp-content\/uploads\/2013\/05\/social-press-1629-20130530-8-300x200.jpg 300w\" sizes=\"(max-width: 450px) 100vw, 450px\" \/><br \/>\nAmigos curtindo os eventos do Hot Spot Diner, agora com a Partida de Futebol mais animada do Ironbound. Gol!<\/em><\/strong><\/p>\n<p><strong><em><img loading=\"lazy\" class=\"alignnone size-full wp-image-729\" alt=\"social press 1629 20130530 (9)\" src=\"http:\/\/www.brazilianpress.com\/v1\/wp-content\/uploads\/2013\/05\/social-press-1629-20130530-9.jpg\" width=\"350\" height=\"525\" srcset=\"https:\/\/www.brazilianpress.com\/v1\/wp-content\/uploads\/2013\/05\/social-press-1629-20130530-9.jpg 350w, https:\/\/www.brazilianpress.com\/v1\/wp-content\/uploads\/2013\/05\/social-press-1629-20130530-9-200x300.jpg 200w\" sizes=\"(max-width: 350px) 100vw, 350px\" \/><br \/>\nNossas Felicita\u00e7\u00f5es a encantadora Jennifer Moreira, ao lado do pai coruja, o empres\u00e1rio Jos\u00e9 Moreira, que completou 18 anos com muita alegria!<\/em><\/strong><\/p>\n","protected":false},"excerpt":{"rendered":"<p>Toda sexta-feira o Casa Nova \u00e9 assim: boa m\u00fasica, alto astral e as mulheres lindas que perfumam o ambiente. Voc\u00ea n\u00e3o pode ficar de fora! Rafael Nascimento fez o Pedido de Casamento \u00e0 noiva Andreia Ferreira, e aproveitaram para curtir o Show Sexo A Com\u00e9dia, em Manhattan. Acesse nosso site para cobertura exclusiva de fotos. Happy Birthday a nossa amiga espanhola Ainhoa Sanfrutos, que completou mais uma Primavera ontem.<\/p>\n","protected":false},"author":1,"featured_media":732,"comment_status":"open","ping_status":"open","sticky":false,"template":"","format":"standard","meta":{"_links_to":"","_links_to_target":""},"categories":[1,6],"tags":[],"views":3696,"_links":{"self":[{"href":"https:\/\/www.brazilianpress.com\/v1\/wp-json\/wp\/v2\/posts\/725"}],"collection":[{"href":"https:\/\/www.brazilianpress.com\/v1\/wp-json\/wp\/v2\/posts"}],"about":[{"href":"https:\/\/www.brazilianpress.com\/v1\/wp-json\/wp\/v2\/types\/post"}],"author":[{"embeddable":true,"href":"https:\/\/www.brazilianpress.com\/v1\/wp-json\/wp\/v2\/users\/1"}],"replies":[{"embeddable":true,"href":"https:\/\/www.brazilianpress.com\/v1\/wp-json\/wp\/v2\/comments?post=725"}],"version-history":[{"count":3,"href":"https:\/\/www.brazilianpress.com\/v1\/wp-json\/wp\/v2\/posts\/725\/revisions"}],"predecessor-version":[{"id":850,"href":"https:\/\/www.brazilianpress.com\/v1\/wp-json\/wp\/v2\/posts\/725\/revisions\/850"}],"wp:featuredmedia":[{"embeddable":true,"href":"https:\/\/www.brazilianpress.com\/v1\/wp-json\/wp\/v2\/media\/732"}],"wp:attachment":[{"href":"https:\/\/www.brazilianpress.com\/v1\/wp-json\/wp\/v2\/media?parent=725"}],"wp:term":[{"taxonomy":"category","embeddable":true,"href":"https:\/\/www.brazilianpress.com\/v1\/wp-json\/wp\/v2\/categories?post=725"},{"taxonomy":"post_tag","embeddable":true,"href":"https:\/\/www.brazilianpress.com\/v1\/wp-json\/wp\/v2\/tags?post=725"}],"curies":[{"name":"wp","href":"https:\/\/api.w.org\/{rel}","templated":true}]}}