{"id":759,"date":"2013-05-30T10:09:21","date_gmt":"2013-05-30T14:09:21","guid":{"rendered":"http:\/\/www.brazilianpress.com\/v1\/?p=759"},"modified":"2013-05-30T10:10:05","modified_gmt":"2013-05-30T14:10:05","slug":"tecnico-do-tijuana-demonstra-confianca-e-nao-teme-caldeirao-do-horto","status":"publish","type":"post","link":"https:\/\/www.brazilianpress.com\/v1\/2013\/05\/30\/tecnico-do-tijuana-demonstra-confianca-e-nao-teme-caldeirao-do-horto\/","title":{"rendered":"T\u00e9cnico do Tijuana demonstra confian\u00e7a e n\u00e3o teme &#8220;caldeir\u00e3o do Horto&#8221;"},"content":{"rendered":"<p>Na capital mineira desde segunda-feira com a delega\u00e7\u00e3o do Tijuana, que enfrenta o Atl\u00e9tico-MG na quinta-feira, no Independ\u00eancia, em jogo que vale vaga nas semifinais da Libertadores, o t\u00e9cnico Antonio Mohamed cr\u00ea na vit\u00f3ria do time mexicano no \u201ccaldeir\u00e3o do Horto\u201d.<\/p>\n<p><img class=\"alignnone  wp-image-760\" alt=\"tecnico tijuana\" src=\"http:\/\/www.brazilianpress.com\/v1\/wp-content\/uploads\/2013\/05\/tecnico-tijuana.jpg\" width=\"500\" srcset=\"https:\/\/www.brazilianpress.com\/v1\/wp-content\/uploads\/2013\/05\/tecnico-tijuana.jpg 615w, https:\/\/www.brazilianpress.com\/v1\/wp-content\/uploads\/2013\/05\/tecnico-tijuana-300x146.jpg 300w\" sizes=\"(max-width: 615px) 100vw, 615px\" \/><\/p>\n<p>\u201cVamos buscar a vit\u00f3ria, confio no grupo. Demonstramos que podemos ganhar em qualquer campo, do M\u00e9xico e da Am\u00e9rica do Sul\u201d, disse Mohamed, em entrevista para a imprensa mexicana.<!--more--><\/p>\n<p>A delega\u00e7\u00e3o do Tijuana chegou a Belo Horizonte na noite de segunda-feira, ap\u00f3s mais de 22 horas de viagem que se iniciou no domingo, do M\u00e9xico para a capital mineira. O clube treinarou na ter\u00e7a-feira na Toca da Raposa II.<\/p>\n<p>Na quarta-feira, os Xolos dever\u00e3o realizar um treino no est\u00e1dio Independ\u00eancia, local do jogo. A partida pelas quartas de final poder\u00e1 marcar a sa\u00edda oficial do treinador, que voltar\u00e1 para a Argentina ao final da Libertadores.<\/p>\n<p>\u201cN\u00e3o vou sair por causa de alguma oferta. \u00c9 apenas porque sinto muita falta da minha fam\u00edlia e vou retornar \u00e0 Argentina\u201d, explicou Mohamed ainda no M\u00e9xico.<\/p>\n<p>O Atl\u00e9tico chega para o duelo de quinta-feira com a vantagem de poder empatar por 0 a 0 ou 1 a 1 para ficar com a vaga para a semifinal da Libertadores.<\/p>\n<p>O Tijuana tamb\u00e9m de classifica com um empate, desde que marque mais de dois gols no Independ\u00eancia. A partida de ida, disputada no M\u00e9xico, terminou empatada 2 a 2. A repeti\u00e7\u00e3o do placar, no Horto, levar\u00e1 a decis\u00e3o da vaga para os p\u00eanaltis.<\/p>\n","protected":false},"excerpt":{"rendered":"<p>Na capital mineira desde segunda-feira com a delega\u00e7\u00e3o do Tijuana, que enfrenta o Atl\u00e9tico-MG na quinta-feira, no Independ\u00eancia, em jogo que vale vaga nas semifinais da Libertadores, o t\u00e9cnico Antonio Mohamed cr\u00ea na vit\u00f3ria do time mexicano no \u201ccaldeir\u00e3o do Horto\u201d. \u201cVamos buscar a vit\u00f3ria, confio no grupo. Demonstramos que podemos ganhar em qualquer campo, do M\u00e9xico e da Am\u00e9rica do Sul\u201d, disse Mohamed, em entrevista para a imprensa mexicana.<\/p>\n","protected":false},"author":1,"featured_media":760,"comment_status":"open","ping_status":"open","sticky":false,"template":"","format":"standard","meta":{"_links_to":"","_links_to_target":""},"categories":[9,1],"tags":[],"views":2477,"_links":{"self":[{"href":"https:\/\/www.brazilianpress.com\/v1\/wp-json\/wp\/v2\/posts\/759"}],"collection":[{"href":"https:\/\/www.brazilianpress.com\/v1\/wp-json\/wp\/v2\/posts"}],"about":[{"href":"https:\/\/www.brazilianpress.com\/v1\/wp-json\/wp\/v2\/types\/post"}],"author":[{"embeddable":true,"href":"https:\/\/www.brazilianpress.com\/v1\/wp-json\/wp\/v2\/users\/1"}],"replies":[{"embeddable":true,"href":"https:\/\/www.brazilianpress.com\/v1\/wp-json\/wp\/v2\/comments?post=759"}],"version-history":[{"count":3,"href":"https:\/\/www.brazilianpress.com\/v1\/wp-json\/wp\/v2\/posts\/759\/revisions"}],"predecessor-version":[{"id":762,"href":"https:\/\/www.brazilianpress.com\/v1\/wp-json\/wp\/v2\/posts\/759\/revisions\/762"}],"wp:featuredmedia":[{"embeddable":true,"href":"https:\/\/www.brazilianpress.com\/v1\/wp-json\/wp\/v2\/media\/760"}],"wp:attachment":[{"href":"https:\/\/www.brazilianpress.com\/v1\/wp-json\/wp\/v2\/media?parent=759"}],"wp:term":[{"taxonomy":"category","embeddable":true,"href":"https:\/\/www.brazilianpress.com\/v1\/wp-json\/wp\/v2\/categories?post=759"},{"taxonomy":"post_tag","embeddable":true,"href":"https:\/\/www.brazilianpress.com\/v1\/wp-json\/wp\/v2\/tags?post=759"}],"curies":[{"name":"wp","href":"https:\/\/api.w.org\/{rel}","templated":true}]}}