{"id":776,"date":"2013-05-30T10:21:58","date_gmt":"2013-05-30T14:21:58","guid":{"rendered":"http:\/\/www.brazilianpress.com\/v1\/?p=776"},"modified":"2013-05-30T10:21:58","modified_gmt":"2013-05-30T14:21:58","slug":"previdencia-recebeu-r-634-milhoes-em-maio-para-compensar-desoneracoes","status":"publish","type":"post","link":"https:\/\/www.brazilianpress.com\/v1\/2013\/05\/30\/previdencia-recebeu-r-634-milhoes-em-maio-para-compensar-desoneracoes\/","title":{"rendered":"Previd\u00eancia recebeu R$ 634 milh\u00f5es em maio para compensar desonera\u00e7\u00f5es"},"content":{"rendered":"<p>A Previd\u00eancia Social recebeu neste m\u00eas de maio R$ 634,6 milh\u00f5es do Tesouro Nacional a t\u00edtulo de compensa\u00e7\u00e3o pelas perdas referentes \u00e0 desonera\u00e7\u00e3o da folha de pagamento do m\u00eas de janeiro. A informa\u00e7\u00e3o foi dada nesta ter\u00e7a-feira (28) pelo diretor do departamento do Regime Geral de Previd\u00eancia Social, Rog\u00e9rio Nagamine. Portaria conjunta da Receita Federal, Tesouro, INSS e Minist\u00e9rio da Previd\u00eancia, publicada no Di\u00e1rio Oficial da Uni\u00e3o no dia 3 de abril, definiu que as transfer\u00eancias ser\u00e3o feitas mensalmente, com defasagem de\u00a0quatro\u00a0meses.<!--more--><\/p>\n<p><img class=\"alignnone size-full wp-image-777\" alt=\"previdencia social\" src=\"http:\/\/www.brazilianpress.com\/v1\/wp-content\/uploads\/2013\/05\/previdencia-social.jpg\" width=\"500\" srcset=\"https:\/\/www.brazilianpress.com\/v1\/wp-content\/uploads\/2013\/05\/previdencia-social.jpg 652w, https:\/\/www.brazilianpress.com\/v1\/wp-content\/uploads\/2013\/05\/previdencia-social-300x187.jpg 300w\" sizes=\"(max-width: 652px) 100vw, 652px\" \/><\/p>\n<p>No in\u00edcio de junho, o INSS vai\u00a0receber\u00a0o valor referente ao m\u00eas de fevereiro, e assim por diante. Segundo Nagamine, a inten\u00e7\u00e3o da portaria foi evitar &#8220;flutua\u00e7\u00f5es muito grandes&#8221; na s\u00e9rie estat\u00edstica. Em 2012, as desonera\u00e7\u00f5es somaram R$ 3,7 bilh\u00f5es, dos quais R$ 1,8 bilh\u00e3o foram pagos em dezembro e R$ 1,9 bilh\u00e3o em abril deste ano.<\/p>\n<p><strong>Precat\u00f3rios<\/strong><\/p>\n<p>Apesar disso, o d\u00e9ficit na Previd\u00eancia n\u00e3o foi t\u00e3o amenizado, uma vez que, segundo Nagamine, tamb\u00e9m ca\u00edram como despesa R$ 3 bilh\u00f5es em precat\u00f3rios. O resultado do governo central \u2014Previd\u00eancia, Tesouro e Banco Central\u2014 referente ao m\u00eas de abril deve ser divulgado nesta quarta-feira (29).<\/p>\n<p>Neste ano, a Previd\u00eancia deve receber R$ 16 bilh\u00f5es do Tesouro, referentes \u00e0s desonera\u00e7\u00f5es da folha concedidas a 42 setores. Em 2014, com a inclus\u00e3o de 14 novos setores, ser\u00e3o R$ 24,7 bilh\u00f5es. Desde o ano passado, o governo adotou medidas para desonerar alguns setores, substituindo o porcentual de contribui\u00e7\u00e3o patronal que incidia sobre a folha de pagamento, de 20%, por um porcentual sobre o faturamento bruto \u2014o \u00edndice depende do setor.<\/p>\n","protected":false},"excerpt":{"rendered":"<p>A Previd\u00eancia Social recebeu neste m\u00eas de maio R$ 634,6 milh\u00f5es do Tesouro Nacional a t\u00edtulo de compensa\u00e7\u00e3o pelas perdas referentes \u00e0 desonera\u00e7\u00e3o da folha de pagamento do m\u00eas de janeiro. A informa\u00e7\u00e3o foi dada nesta ter\u00e7a-feira (28) pelo diretor do departamento do Regime Geral de Previd\u00eancia Social, Rog\u00e9rio Nagamine. Portaria conjunta da Receita Federal, Tesouro, INSS e Minist\u00e9rio da Previd\u00eancia, publicada no Di\u00e1rio Oficial da Uni\u00e3o no dia 3 de abril, definiu que as transfer\u00eancias ser\u00e3o feitas mensalmente, com defasagem de\u00a0quatro\u00a0meses.<\/p>\n","protected":false},"author":1,"featured_media":777,"comment_status":"open","ping_status":"open","sticky":false,"template":"","format":"standard","meta":{"_links_to":"","_links_to_target":""},"categories":[7,1],"tags":[],"views":2475,"_links":{"self":[{"href":"https:\/\/www.brazilianpress.com\/v1\/wp-json\/wp\/v2\/posts\/776"}],"collection":[{"href":"https:\/\/www.brazilianpress.com\/v1\/wp-json\/wp\/v2\/posts"}],"about":[{"href":"https:\/\/www.brazilianpress.com\/v1\/wp-json\/wp\/v2\/types\/post"}],"author":[{"embeddable":true,"href":"https:\/\/www.brazilianpress.com\/v1\/wp-json\/wp\/v2\/users\/1"}],"replies":[{"embeddable":true,"href":"https:\/\/www.brazilianpress.com\/v1\/wp-json\/wp\/v2\/comments?post=776"}],"version-history":[{"count":2,"href":"https:\/\/www.brazilianpress.com\/v1\/wp-json\/wp\/v2\/posts\/776\/revisions"}],"predecessor-version":[{"id":779,"href":"https:\/\/www.brazilianpress.com\/v1\/wp-json\/wp\/v2\/posts\/776\/revisions\/779"}],"wp:featuredmedia":[{"embeddable":true,"href":"https:\/\/www.brazilianpress.com\/v1\/wp-json\/wp\/v2\/media\/777"}],"wp:attachment":[{"href":"https:\/\/www.brazilianpress.com\/v1\/wp-json\/wp\/v2\/media?parent=776"}],"wp:term":[{"taxonomy":"category","embeddable":true,"href":"https:\/\/www.brazilianpress.com\/v1\/wp-json\/wp\/v2\/categories?post=776"},{"taxonomy":"post_tag","embeddable":true,"href":"https:\/\/www.brazilianpress.com\/v1\/wp-json\/wp\/v2\/tags?post=776"}],"curies":[{"name":"wp","href":"https:\/\/api.w.org\/{rel}","templated":true}]}}