{"id":780,"date":"2013-05-30T10:25:59","date_gmt":"2013-05-30T14:25:59","guid":{"rendered":"http:\/\/www.brazilianpress.com\/v1\/?p=780"},"modified":"2013-05-30T10:25:59","modified_gmt":"2013-05-30T14:25:59","slug":"mantega-governo-nao-permitira-elevacao-das-tarifas-de-energia-eletrica","status":"publish","type":"post","link":"https:\/\/www.brazilianpress.com\/v1\/2013\/05\/30\/mantega-governo-nao-permitira-elevacao-das-tarifas-de-energia-eletrica\/","title":{"rendered":"Mantega: governo n\u00e3o permitir\u00e1 eleva\u00e7\u00e3o das tarifas de energia el\u00e9trica"},"content":{"rendered":"<p>O ministro da Fazenda, Guido Mantega, disse ontem, \u00a0(quarta-feira 29), que o governo n\u00e3o permitir\u00e1 a eleva\u00e7\u00e3o das tarifas de energia el\u00e9trica. na ter\u00e7a-feira (28), o presidente do Senado, Renan Calheiros (PMDB-AL), recusou-se a ler as medidas provis\u00f3rias\u00a0 601 e 605\u00a0 aprovadas pela C\u00e2mara. A segunda trata da redu\u00e7\u00e3o das tarifas de energia el\u00e9trica. A MP, com isso, perder\u00e1 o prazo de validade.<!--more--><\/p>\n<p><img loading=\"lazy\" class=\"alignnone size-full wp-image-781\" alt=\"guido mantega ministro\" src=\"http:\/\/www.brazilianpress.com\/v1\/wp-content\/uploads\/2013\/05\/guido-mantega-ministro.jpg\" width=\"500\" height=\"325\" srcset=\"https:\/\/www.brazilianpress.com\/v1\/wp-content\/uploads\/2013\/05\/guido-mantega-ministro.jpg 500w, https:\/\/www.brazilianpress.com\/v1\/wp-content\/uploads\/2013\/05\/guido-mantega-ministro-300x195.jpg 300w\" sizes=\"(max-width: 500px) 100vw, 500px\" \/><\/p>\n<p>Na ter\u00e7a-feira, a chefe da Casa Civil da Presid\u00eancia da Rep\u00fablica, ministra Gleisi Hoffmann, j\u00e1 tinha lamentado a decis\u00e3o dos parlamentares, mas disse que o governo garantiria a entrada em vigor das pol\u00edticas previstas nas MPs, mesmo que elas n\u00e3o sejam votadas.<\/p>\n<p>\u201c\u00c9 uma pena, mas n\u00e3o haver\u00e1 o aumento de energia porque usaremos outros instrumentos, apesar de o Senado n\u00e3o ter aprovado a MP 605 e a 601. Teremos que ver como faremos\u201d, disse. Sobre a MP 601, que desonera a folha de pagamento, Mantega destacou que a decis\u00e3o do Senado s\u00f3 traz preju\u00edzos para o setor produtivo.<\/p>\n<p>\u201cDeveremos colocar como emenda em outras medidas provis\u00f3rias que est\u00e3o em tramita\u00e7\u00e3o no Congresso Nacional o que n\u00e3o for aprovado. Vai atrasar um pouco, mas acredito que os parlamentares n\u00e3o ir\u00e3o deixar de aprovar um[a] [redu\u00e7\u00e3o de] custo de tributo para a ind\u00fastria brasileira\u201d, informou.<\/p>\n<p>Sobre a eleva\u00e7\u00e3o no valor do d\u00f3lar, Mantega disse que a decis\u00e3o do Federal Reserve (Fed -Banco Central dos Estados Unidos) de sinalizar que poder\u00e1 elevar as taxas de juros provocou a altera\u00e7\u00e3o na cota\u00e7\u00e3o da moeda norte-americana no Brasil. \u201cIsso fez com que as taxas de juros, relativas ao d\u00f3lar, se elevassem no longo prazo e [provocou uma situa\u00e7\u00e3o em que] a maioria das moedas est\u00e1 se desvalorizando\u201d, enfatizou.<\/p>\n<p>Para Mantega, no entanto, isso n\u00e3o \u00e9 um preocupa\u00e7\u00e3o para o Brasil: com a desvaloriza\u00e7\u00e3o do real, o pa\u00eds fica mais competitivo ao vender seus produtos para o exterior. O ministro deixou claro que n\u00e3o h\u00e1 qualquer interven\u00e7\u00e3o do governo visando \u00e0 desvaloriza\u00e7\u00e3o do d\u00f3lar. \u201cEst\u00e1 havendo uma flutua\u00e7\u00e3o do c\u00e2mbio, com menor interven\u00e7\u00e3o poss\u00edvel do governo. Ent\u00e3o, \u00e9 o mercado que est\u00e1 agindo neste sentido, isso \u00e9 positivo porque favorece as exporta\u00e7\u00f5es brasileiras\u201d.<\/p>\n","protected":false},"excerpt":{"rendered":"<p>O ministro da Fazenda, Guido Mantega, disse ontem, \u00a0(quarta-feira 29), que o governo n\u00e3o permitir\u00e1 a eleva\u00e7\u00e3o das tarifas de energia el\u00e9trica. na ter\u00e7a-feira (28), o presidente do Senado, Renan Calheiros (PMDB-AL), recusou-se a ler as medidas provis\u00f3rias\u00a0 601 e 605\u00a0 aprovadas pela C\u00e2mara. A segunda trata da redu\u00e7\u00e3o das tarifas de energia el\u00e9trica. A MP, com isso, perder\u00e1 o prazo de validade.<\/p>\n","protected":false},"author":1,"featured_media":781,"comment_status":"open","ping_status":"open","sticky":false,"template":"","format":"standard","meta":{"_links_to":"","_links_to_target":""},"categories":[7,1],"tags":[],"views":2708,"_links":{"self":[{"href":"https:\/\/www.brazilianpress.com\/v1\/wp-json\/wp\/v2\/posts\/780"}],"collection":[{"href":"https:\/\/www.brazilianpress.com\/v1\/wp-json\/wp\/v2\/posts"}],"about":[{"href":"https:\/\/www.brazilianpress.com\/v1\/wp-json\/wp\/v2\/types\/post"}],"author":[{"embeddable":true,"href":"https:\/\/www.brazilianpress.com\/v1\/wp-json\/wp\/v2\/users\/1"}],"replies":[{"embeddable":true,"href":"https:\/\/www.brazilianpress.com\/v1\/wp-json\/wp\/v2\/comments?post=780"}],"version-history":[{"count":1,"href":"https:\/\/www.brazilianpress.com\/v1\/wp-json\/wp\/v2\/posts\/780\/revisions"}],"predecessor-version":[{"id":782,"href":"https:\/\/www.brazilianpress.com\/v1\/wp-json\/wp\/v2\/posts\/780\/revisions\/782"}],"wp:featuredmedia":[{"embeddable":true,"href":"https:\/\/www.brazilianpress.com\/v1\/wp-json\/wp\/v2\/media\/781"}],"wp:attachment":[{"href":"https:\/\/www.brazilianpress.com\/v1\/wp-json\/wp\/v2\/media?parent=780"}],"wp:term":[{"taxonomy":"category","embeddable":true,"href":"https:\/\/www.brazilianpress.com\/v1\/wp-json\/wp\/v2\/categories?post=780"},{"taxonomy":"post_tag","embeddable":true,"href":"https:\/\/www.brazilianpress.com\/v1\/wp-json\/wp\/v2\/tags?post=780"}],"curies":[{"name":"wp","href":"https:\/\/api.w.org\/{rel}","templated":true}]}}