{"id":800,"date":"2013-05-30T10:40:21","date_gmt":"2013-05-30T14:40:21","guid":{"rendered":"http:\/\/www.brazilianpress.com\/v1\/?p=800"},"modified":"2013-05-30T11:00:10","modified_gmt":"2013-05-30T15:00:10","slug":"11th-brazilian-film-festival-of-new-york","status":"publish","type":"post","link":"https:\/\/www.brazilianpress.com\/v1\/2013\/05\/30\/11th-brazilian-film-festival-of-new-york\/","title":{"rendered":"11th Brazilian Film Festival of New York"},"content":{"rendered":"<p><strong>12 a 16 de junho \u2013 Tribeca Cinemas e Central Park em Nova Iorque (EUA)<\/strong><\/p>\n<p>Promovido por uma das mais reconhecidas produtoras do Brasil, a Inffinito, o Circuito Inffinito de Festivais retorna a Nova Iorque em 2013 com o 11th Brazilian Film Festival of New York, marcando o in\u00edcio das comemora\u00e7\u00f5es pelos 17 anos de sucesso da empresa na difus\u00e3o da cultura brasileira no mundo todo.<\/p>\n<p><img class=\"alignnone size-full wp-image-802\" alt=\"11 brazilian film festival\" src=\"http:\/\/www.brazilianpress.com\/v1\/wp-content\/uploads\/2013\/05\/11-brazilian-film-festival.jpg\" width=\"500\" srcset=\"https:\/\/www.brazilianpress.com\/v1\/wp-content\/uploads\/2013\/05\/11-brazilian-film-festival.jpg 996w, https:\/\/www.brazilianpress.com\/v1\/wp-content\/uploads\/2013\/05\/11-brazilian-film-festival-300x84.jpg 300w\" sizes=\"(max-width: 996px) 100vw, 996px\" \/><\/p>\n<p>De 12 a 15 de junho, o p\u00fablico poder\u00e1 conferir no Tribeca Cinemas o melhor do cinema brasileiro selecionado por um time de curadores formado por um dos diretores de fotografia mais influentes do audiovisual brasileiro, Walter Carvalho, o cineasta e atual presidente da Associa\u00e7\u00e3o Brasileira de Produtores Independentes, Marco Altberg, o gerente de marketing e desenvolvimento de projetos do Canal Brasil, Andr\u00e9 Saddy, o cineasta e produtor, Cavi Borges, e a produtora executiva dos filmes \u201cCentral do Brasil\u201d e \u201cCidade de Deus\u201d, Elisa Tolomelli.<!--more-->A programa\u00e7\u00e3o inclui longas e curtas-metragens \u2013 filmes de fic\u00e7\u00e3o, drama, com\u00e9dias e document\u00e1rios in\u00e9ditos na Big Apple, como De Pernas Para o Ar II, a com\u00e9dia considerada um dos filmes nacionais de melhor bilheteria no ano de 2013; Colegas, que conta com tr\u00eas atores com s\u00edndrome de down e um deles mobilizou uma campanha nas redes sociais que o levou a conhecer o astro americano Sean Pean e Margaret Mee, document\u00e1rio sobre a vida da ambientalista brit\u00e2nica que produziu mais de 400 ilustra\u00e7\u00f5es sobre a flora brasileira.<\/p>\n<p>O festival contar\u00e1 com uma sele\u00e7\u00e3o especial de filmes da mostra CineFoot, o \u00fanico festival de cinema brasileiro dedicado exclusivamente ao futebol. O projeto \u00e9 chancelado pelo Minist\u00e9rio do Esporte para integrar a programa\u00e7\u00e3o oficial do Governo federal na promo\u00e7\u00e3o do Brasil durante a Copa. Quatro curtas-metragens abrem para quatro longas-metragens escolhidos para exibi\u00e7\u00e3o oferecendo ao p\u00fablico a oportunidade de conhecer melhor a diversidade da cultura do pa\u00eds pentacampe\u00e3o mundial de futebol.<\/p>\n<p>A programa\u00e7\u00e3o do 11th Brazilian Film Festival of New York segue com os filmes da Mostra Competitiva. Os longas-metragens programados s\u00e3o: Colegas, de Marcelo Galv\u00e3o; Elena, de Petra Costa; De pernas pro Ar 2, de Roberto Santucci; R\u00e2nia, de Roberta Marques; Dossi\u00ea Jango, de Paulo Henrique Fontenelle; Margareth Mee e a Flor da Lua, de Malu De Martino, Hoje, de Tata Amaral, Faroeste Caboclo, de Ren\u00e9 Sampaio, Somos T\u00e3o Jovens, de Antonio Carlos da Fontoura e Uma Hist\u00f3ria de Amor e F\u00faria, de Luiz Bolognesi. J\u00e1 a lista de curtas inclui: I Still Love You, de Henrique Faria, A dama do Est\u00e1cio, de Eduardo Ades, Nem Que Tudo Termine Como Antes, de Daniel Caselli e Mariana Martinez, Linear, de Amir Admoni, Hist\u00f3ria de Borboletas, de Marcelo Brandao, Confete de Jo Serfaty e Mariana Kaufman, Ed, de Gabriel Garcia e Proibid\u00e3o, de Ludmila Curi e Guilherme Arruda.<\/p>\n<p>O encerramento do festival ser\u00e1 em uma grande festa aberta ao p\u00fablico, no domingo dia 16 de junho no SummerStage, palco montado anualmente no Central Park, um dos mais belos parques do mundo. Al\u00e9m do an\u00fancio da produ\u00e7\u00e3o vencedora do Pr\u00eamio Lente de Cristal, a noite contar\u00e1 com show da cantora Preta Gil, seguido pela exibi\u00e7\u00e3o do longa de anima\u00e7\u00e3o \u201cRio 2096 \u2013 Uma Hist\u00f3ria de Amor e F\u00faria\u201d de Luiz Bolognesi. A entrada \u00e9 gratuita e a estimativa para o show \u00e9 de seis mil pessoas.<\/p>\n<p>Os ingressos para os filmes est\u00e3o dispon\u00edveis para venda no site www.ticketweb.com por $10 a sess\u00e3o (http:\/\/www.ticketweb.com\/snl\/Search.action?query=brazilian+film+festival) A programa\u00e7\u00e3o mais recente sobre o Festival, informa\u00e7\u00f5es sobre os filmes participantes e compra de ingressos podem ser encontradas no site www.inffinito.com.<\/p>\n","protected":false},"excerpt":{"rendered":"<p>12 a 16 de junho \u2013 Tribeca Cinemas e Central Park em Nova Iorque (EUA) Promovido por uma das mais reconhecidas produtoras do Brasil, a Inffinito, o Circuito Inffinito de Festivais retorna a Nova Iorque em 2013 com o 11th Brazilian Film Festival of New York, marcando o in\u00edcio das comemora\u00e7\u00f5es pelos 17 anos de sucesso da empresa na difus\u00e3o da cultura brasileira no mundo todo. De 12 a 15 de junho, o p\u00fablico poder\u00e1 conferir no Tribeca Cinemas o melhor do cinema brasileiro selecionado por um time de curadores formado por um dos diretores de fotografia mais influentes do [&hellip;]<\/p>\n","protected":false},"author":1,"featured_media":802,"comment_status":"open","ping_status":"open","sticky":false,"template":"","format":"standard","meta":{"_links_to":"","_links_to_target":""},"categories":[1,10],"tags":[],"views":4244,"_links":{"self":[{"href":"https:\/\/www.brazilianpress.com\/v1\/wp-json\/wp\/v2\/posts\/800"}],"collection":[{"href":"https:\/\/www.brazilianpress.com\/v1\/wp-json\/wp\/v2\/posts"}],"about":[{"href":"https:\/\/www.brazilianpress.com\/v1\/wp-json\/wp\/v2\/types\/post"}],"author":[{"embeddable":true,"href":"https:\/\/www.brazilianpress.com\/v1\/wp-json\/wp\/v2\/users\/1"}],"replies":[{"embeddable":true,"href":"https:\/\/www.brazilianpress.com\/v1\/wp-json\/wp\/v2\/comments?post=800"}],"version-history":[{"count":3,"href":"https:\/\/www.brazilianpress.com\/v1\/wp-json\/wp\/v2\/posts\/800\/revisions"}],"predecessor-version":[{"id":823,"href":"https:\/\/www.brazilianpress.com\/v1\/wp-json\/wp\/v2\/posts\/800\/revisions\/823"}],"wp:featuredmedia":[{"embeddable":true,"href":"https:\/\/www.brazilianpress.com\/v1\/wp-json\/wp\/v2\/media\/802"}],"wp:attachment":[{"href":"https:\/\/www.brazilianpress.com\/v1\/wp-json\/wp\/v2\/media?parent=800"}],"wp:term":[{"taxonomy":"category","embeddable":true,"href":"https:\/\/www.brazilianpress.com\/v1\/wp-json\/wp\/v2\/categories?post=800"},{"taxonomy":"post_tag","embeddable":true,"href":"https:\/\/www.brazilianpress.com\/v1\/wp-json\/wp\/v2\/tags?post=800"}],"curies":[{"name":"wp","href":"https:\/\/api.w.org\/{rel}","templated":true}]}}