{"id":810,"date":"2013-05-30T10:50:15","date_gmt":"2013-05-30T14:50:15","guid":{"rendered":"http:\/\/www.brazilianpress.com\/v1\/?p=810"},"modified":"2013-05-30T10:50:15","modified_gmt":"2013-05-30T14:50:15","slug":"em-kearny-corpo-de-homem-e-encontrado-as-margens-do-rio-passaic","status":"publish","type":"post","link":"https:\/\/www.brazilianpress.com\/v1\/2013\/05\/30\/em-kearny-corpo-de-homem-e-encontrado-as-margens-do-rio-passaic\/","title":{"rendered":"Em Kearny, Corpo de Homem \u00e9 encontrado as margens do Rio Passaic"},"content":{"rendered":"<p><strong>Junior Schutt<\/strong><\/p>\n<p>O corpo de um homem foi retirado das margens do Rio Passaic, nas imedia\u00e7\u00f5es de Kearny, na manh\u00e3 desta quarta-feira(29), de acordo com as autoridades locais. O homem ainda n\u00e3o foi identificado, e autoridades n\u00e3o est\u00e3o certos sobre quanto tempo o corpo esteve no rio, divulgou Gene Rubino, Assistente do Procurador de Hudson County. <!--more--><\/p>\n<p><img class=\"alignnone size-full wp-image-811\" alt=\"policia rio passaic buscas corpo\" src=\"http:\/\/www.brazilianpress.com\/v1\/wp-content\/uploads\/2013\/05\/policia-rio-passaic-buscas-corpo.jpg\" width=\"500\" srcset=\"https:\/\/www.brazilianpress.com\/v1\/wp-content\/uploads\/2013\/05\/policia-rio-passaic-buscas-corpo.jpg 665w, https:\/\/www.brazilianpress.com\/v1\/wp-content\/uploads\/2013\/05\/policia-rio-passaic-buscas-corpo-300x199.jpg 300w\" sizes=\"(max-width: 665px) 100vw, 665px\" \/><\/p>\n<p>O corpo foi resgatado pelo Departamento de Corpo de Bombeiros de Kearny e a Pol\u00edcia de Newark, ap\u00f3s receberem uma chamada, de algu\u00e9m que viu um objeto boiando no rio, aparentemente um corpo. Uma aut\u00f3psia revelar\u00e1 a causa da morte.<\/p>\n","protected":false},"excerpt":{"rendered":"<p>Junior Schutt O corpo de um homem foi retirado das margens do Rio Passaic, nas imedia\u00e7\u00f5es de Kearny, na manh\u00e3 desta quarta-feira(29), de acordo com as autoridades locais. O homem ainda n\u00e3o foi identificado, e autoridades n\u00e3o est\u00e3o certos sobre quanto tempo o corpo esteve no rio, divulgou Gene Rubino, Assistente do Procurador de Hudson County.<\/p>\n","protected":false},"author":1,"featured_media":811,"comment_status":"open","ping_status":"open","sticky":false,"template":"","format":"standard","meta":{"_links_to":"","_links_to_target":""},"categories":[4,1],"tags":[],"views":2508,"_links":{"self":[{"href":"https:\/\/www.brazilianpress.com\/v1\/wp-json\/wp\/v2\/posts\/810"}],"collection":[{"href":"https:\/\/www.brazilianpress.com\/v1\/wp-json\/wp\/v2\/posts"}],"about":[{"href":"https:\/\/www.brazilianpress.com\/v1\/wp-json\/wp\/v2\/types\/post"}],"author":[{"embeddable":true,"href":"https:\/\/www.brazilianpress.com\/v1\/wp-json\/wp\/v2\/users\/1"}],"replies":[{"embeddable":true,"href":"https:\/\/www.brazilianpress.com\/v1\/wp-json\/wp\/v2\/comments?post=810"}],"version-history":[{"count":1,"href":"https:\/\/www.brazilianpress.com\/v1\/wp-json\/wp\/v2\/posts\/810\/revisions"}],"predecessor-version":[{"id":812,"href":"https:\/\/www.brazilianpress.com\/v1\/wp-json\/wp\/v2\/posts\/810\/revisions\/812"}],"wp:featuredmedia":[{"embeddable":true,"href":"https:\/\/www.brazilianpress.com\/v1\/wp-json\/wp\/v2\/media\/811"}],"wp:attachment":[{"href":"https:\/\/www.brazilianpress.com\/v1\/wp-json\/wp\/v2\/media?parent=810"}],"wp:term":[{"taxonomy":"category","embeddable":true,"href":"https:\/\/www.brazilianpress.com\/v1\/wp-json\/wp\/v2\/categories?post=810"},{"taxonomy":"post_tag","embeddable":true,"href":"https:\/\/www.brazilianpress.com\/v1\/wp-json\/wp\/v2\/tags?post=810"}],"curies":[{"name":"wp","href":"https:\/\/api.w.org\/{rel}","templated":true}]}}