{"id":813,"date":"2013-05-30T10:52:55","date_gmt":"2013-05-30T14:52:55","guid":{"rendered":"http:\/\/www.brazilianpress.com\/v1\/?p=813"},"modified":"2013-05-30T10:52:55","modified_gmt":"2013-05-30T14:52:55","slug":"residente-de-garfield-indiciado-por-abusar-sexualmente-garota-de-11-anos","status":"publish","type":"post","link":"https:\/\/www.brazilianpress.com\/v1\/2013\/05\/30\/residente-de-garfield-indiciado-por-abusar-sexualmente-garota-de-11-anos\/","title":{"rendered":"Residente de Garfield Indiciado por abusar sexualmente garota de 11 anos"},"content":{"rendered":"<p><strong><img loading=\"lazy\" class=\"alignright size-medium wp-image-814\" alt=\"abuso sexual suspeito\" src=\"http:\/\/www.brazilianpress.com\/v1\/wp-content\/uploads\/2013\/05\/abuso-sexual-suspeito-283x300.jpg\" width=\"283\" height=\"300\" srcset=\"https:\/\/www.brazilianpress.com\/v1\/wp-content\/uploads\/2013\/05\/abuso-sexual-suspeito-283x300.jpg 283w, https:\/\/www.brazilianpress.com\/v1\/wp-content\/uploads\/2013\/05\/abuso-sexual-suspeito.jpg 380w\" sizes=\"(max-width: 283px) 100vw, 283px\" \/>Junior Schutt<\/strong><\/p>\n<p>Um homem residente em Garfield, foi indiciado por abusar sexualmente de uma garota de 11 anos. De acordo com o Procurador John Molinelli, de Bergen County, uma testemunha disse a m\u00e3e da garota, que havia flagrado a crian\u00e7a em atividades sexuais inapropriadas com Alfonso Salas Vasquez, 44 anos. <!--more--><\/p>\n<p>A m\u00e3e da v\u00edtima acionou imediatamente as autoridades, que capturaram o acusado e o prenderam. Molinelli n\u00e3o divulgou a rela\u00e7\u00e3o entre a v\u00edtima e o acusado. Vasquez, que \u00e9 solteiro e trabalha em uma padaria em Moonachie, foi indiciado por abuso sexual, e por colocar em risco a vida de uma crian\u00e7a. Ele est\u00e1 preso no Bergen County Jail, sob fian\u00e7a de $150.000 e est\u00e1 proibido de qualquer contato, ou de se aproximar da v\u00edtima.<\/p>\n","protected":false},"excerpt":{"rendered":"<p>Junior Schutt Um homem residente em Garfield, foi indiciado por abusar sexualmente de uma garota de 11 anos. De acordo com o Procurador John Molinelli, de Bergen County, uma testemunha disse a m\u00e3e da garota, que havia flagrado a crian\u00e7a em atividades sexuais inapropriadas com Alfonso Salas Vasquez, 44 anos.<\/p>\n","protected":false},"author":1,"featured_media":814,"comment_status":"open","ping_status":"open","sticky":false,"template":"","format":"standard","meta":{"_links_to":"","_links_to_target":""},"categories":[4,1],"tags":[],"views":3013,"_links":{"self":[{"href":"https:\/\/www.brazilianpress.com\/v1\/wp-json\/wp\/v2\/posts\/813"}],"collection":[{"href":"https:\/\/www.brazilianpress.com\/v1\/wp-json\/wp\/v2\/posts"}],"about":[{"href":"https:\/\/www.brazilianpress.com\/v1\/wp-json\/wp\/v2\/types\/post"}],"author":[{"embeddable":true,"href":"https:\/\/www.brazilianpress.com\/v1\/wp-json\/wp\/v2\/users\/1"}],"replies":[{"embeddable":true,"href":"https:\/\/www.brazilianpress.com\/v1\/wp-json\/wp\/v2\/comments?post=813"}],"version-history":[{"count":1,"href":"https:\/\/www.brazilianpress.com\/v1\/wp-json\/wp\/v2\/posts\/813\/revisions"}],"predecessor-version":[{"id":815,"href":"https:\/\/www.brazilianpress.com\/v1\/wp-json\/wp\/v2\/posts\/813\/revisions\/815"}],"wp:featuredmedia":[{"embeddable":true,"href":"https:\/\/www.brazilianpress.com\/v1\/wp-json\/wp\/v2\/media\/814"}],"wp:attachment":[{"href":"https:\/\/www.brazilianpress.com\/v1\/wp-json\/wp\/v2\/media?parent=813"}],"wp:term":[{"taxonomy":"category","embeddable":true,"href":"https:\/\/www.brazilianpress.com\/v1\/wp-json\/wp\/v2\/categories?post=813"},{"taxonomy":"post_tag","embeddable":true,"href":"https:\/\/www.brazilianpress.com\/v1\/wp-json\/wp\/v2\/tags?post=813"}],"curies":[{"name":"wp","href":"https:\/\/api.w.org\/{rel}","templated":true}]}}