{"id":816,"date":"2013-05-30T10:56:34","date_gmt":"2013-05-30T14:56:34","guid":{"rendered":"http:\/\/www.brazilianpress.com\/v1\/?p=816"},"modified":"2013-06-06T11:54:36","modified_gmt":"2013-06-06T15:54:36","slug":"lider-democrata-diz-que-indocumentados-nao-serao-beneficiados-na-area-da-saude-com-a-reforma-da-imigracao","status":"publish","type":"post","link":"https:\/\/www.brazilianpress.com\/v1\/2013\/05\/30\/lider-democrata-diz-que-indocumentados-nao-serao-beneficiados-na-area-da-saude-com-a-reforma-da-imigracao\/","title":{"rendered":"L\u00edder democrata diz que indocumentados n\u00e3o ser\u00e3o beneficiados na \u00e1rea  da sa\u00fade com a Reforma da Imigra\u00e7\u00e3o"},"content":{"rendered":"<p>A l\u00edder da minoria democrata da C\u00e2mara dos Representantes, Nancy Pelosi, disse que a reforma da imigra\u00e7\u00e3o que est\u00e1 sendo discutida atualmente, n\u00e3o permitir\u00e1 que imigrantes indocumentados se beneficiem na \u00e1rea da sa\u00fade, pela lei assinada pelo presidente Barack Obama, h\u00e1 dois anos.<\/p>\n<p><img class=\"alignnone size-full wp-image-817\" alt=\"imigracao eua garoto imigrante\" src=\"http:\/\/www.brazilianpress.com\/v1\/wp-content\/uploads\/2013\/05\/imigracao-eua-garoto-imigrante.jpg\" width=\"500\" srcset=\"https:\/\/www.brazilianpress.com\/v1\/wp-content\/uploads\/2013\/05\/imigracao-eua-garoto-imigrante.jpg 620w, https:\/\/www.brazilianpress.com\/v1\/wp-content\/uploads\/2013\/05\/imigracao-eua-garoto-imigrante-300x168.jpg 300w\" sizes=\"(max-width: 620px) 100vw, 620px\" \/><\/p>\n<p>&#8220;N\u00f3s dissemos desde o primeiro dia, vamos especificar tudo o que se relaciona com a lei da sa\u00fade, pois essa lei se aprovada diz que os imigrantes ilegais n\u00e3o ter\u00e3o acesso aos benef\u00edcios da lei. Qualquer declara\u00e7\u00e3o em contr\u00e1rio simplesmente n\u00e3o \u00e9 verdade&#8221;, disse ela, para os avisos insistentes dos republicanos sobre as despesas de sa\u00fade na reforma da imigra\u00e7\u00e3o.<!--more--><\/p>\n<p>Pelosi reiterou que sim, todos ter\u00e3o acesso ao Medicaid, e tamb\u00e9m que a situa\u00e7\u00e3o irregular n\u00e3o implica qualquer custo para os contribuintes. &#8220;Essa sempre foi a posi\u00e7\u00e3o democr\u00e1tica&#8221;, disse ela.<\/p>\n<p>Embora o projeto de reforma de imigra\u00e7\u00e3o proposta pelo &#8220;Grupo dos Oito&#8221;, no Comit\u00ea Judici\u00e1rio do Senado e vai passar para a plen\u00e1ria, ainda h\u00e1 um longo caminho a percorrer na C\u00e2mara dos Deputados, que mal chegou o acordo bipartid\u00e1rio na semana passada, e que n\u00e3o h\u00e1 nenhum detalhe sobre isso.<\/p>\n<p>O texto digitado pelo &#8220;Grupo dos Oito&#8221;\u00a0 apresenta mais de 300 emendas na vers\u00e3o original pela comiss\u00e3o e deve ser exposto para o Senado para trazer ainda mais posi\u00e7\u00f5es dos republicanos, que, entre outras coisas, exigem um refor\u00e7o da seguran\u00e7a nas fronteiras.<\/p>\n<p>Entre outros itens , incluindo um per\u00edodo de treze anos para a legaliza\u00e7\u00e3o da situa\u00e7\u00e3o irregular, ele pede $3.000 milh\u00f5es d\u00f3lares para a seguran\u00e7a da fronteira e san\u00e7\u00f5es para empresas que contratam pessoas &#8220;sem papeis&#8221;. O presidente republicano da C\u00e2mara manifestou a sua vontade de reformar o sistema de imigra\u00e7\u00e3o, mas deixou claro que n\u00e3o vai aceitar o projeto de lei aprovado esta semana pelo Comit\u00ea Judici\u00e1rio do Senado, mas vai produzir a sua pr\u00f3pria vers\u00e3o.<\/p>\n<p>O grupo bipartid\u00e1rio de oito representantes que negocia desde 2009 um projeto de lei abrangente continua as negocia\u00e7\u00f5es, apesar de ter imposto esta semana como prazo final para concluir o processo. O representante de Ohio, John Boehner, disse em uma confer\u00eancia de imprensa que a Casa &#8220;ter\u00e1 sua vers\u00e3o de imigra\u00e7\u00e3o. N\u00e3o ser\u00e1 atingido pela Casa Branca ou pelo presidente.&#8221; &#8220;O Senado est\u00e1 trabalhando em sua vers\u00e3o, mas a vers\u00e3o da C\u00e2mara vai funcionar. N\u00e3o me pergunte como, porque se eu soubesse, eu diria, certamente, mas a c\u00e2mara ter\u00e1 sua vers\u00e3o&#8221;, acrescentou. &#8220;Estou confiante de que teremos um produto s\u00f3lido que pode levar a uma confer\u00eancia (liquida\u00e7\u00e3o) no Senado.&#8221;<\/p>\n<p>Um dos oito negociadores, o deputado Raul Labrador de Idaho, disse que o acordo ainda est\u00e1 de p\u00e9 para imigrantes indocumentados n\u00e3o recebem subs\u00eddios do governo, e afirmou que, aparentemente, houve um mal-entendido que levou os democratas a pensar que os republicanos tentaram negar aos imigrantes cuidados de emerg\u00eancia. &#8220;Talvez tenha havido alguma confus\u00e3o sobre os detalhes, mas eu acho que estamos bem&#8221;, disse ele aos jornalistas.<\/p>\n<p>Outro membro do grupo de negocia\u00e7\u00e3o, o Illinois democrata Luis Gutierrez disse que &#8220;n\u00f3s vamos chegar l\u00e1. Justi\u00e7a ser\u00e1 feita para a nossa comunidade de imigrantes.&#8221; Os democratas argumentam que o custo m\u00e9dio anual de US $ 20.000 para o seguro de sa\u00fade pode ser um valor inacess\u00edvel para muitos imigrantes.<\/p>\n<p>A lei entrar\u00e1 em vigor somente ap\u00f3s a aprova\u00e7\u00e3o pelo plen\u00e1rio do Senado e da C\u00e2mara vai fazer o mesmo depois de receber uma vers\u00e3o aprovada pela Comiss\u00e3o Judicial. S\u00f3 depois de ambas as c\u00e2maras conciliar suas vers\u00f5es \u00e9 que acontecer\u00e1 a assinatura do presidente Barack Obama para ser executado, que disse que espera fazer este ano.<\/p>\n","protected":false},"excerpt":{"rendered":"<p>A l\u00edder da minoria democrata da C\u00e2mara dos Representantes, Nancy Pelosi, disse que a reforma da imigra\u00e7\u00e3o que est\u00e1 sendo discutida atualmente, n\u00e3o permitir\u00e1 que imigrantes indocumentados se beneficiem na \u00e1rea da sa\u00fade, pela lei assinada pelo presidente Barack Obama, h\u00e1 dois anos. &#8220;N\u00f3s dissemos desde o primeiro dia, vamos especificar tudo o que se relaciona com a lei da sa\u00fade, pois essa lei se aprovada diz que os imigrantes ilegais n\u00e3o ter\u00e3o acesso aos benef\u00edcios da lei. Qualquer declara\u00e7\u00e3o em contr\u00e1rio simplesmente n\u00e3o \u00e9 verdade&#8221;, disse ela, para os avisos insistentes dos republicanos sobre as despesas de sa\u00fade na [&hellip;]<\/p>\n","protected":false},"author":1,"featured_media":817,"comment_status":"open","ping_status":"open","sticky":false,"template":"","format":"standard","meta":{"_links_to":"","_links_to_target":""},"categories":[4,1],"tags":[],"views":3241,"_links":{"self":[{"href":"https:\/\/www.brazilianpress.com\/v1\/wp-json\/wp\/v2\/posts\/816"}],"collection":[{"href":"https:\/\/www.brazilianpress.com\/v1\/wp-json\/wp\/v2\/posts"}],"about":[{"href":"https:\/\/www.brazilianpress.com\/v1\/wp-json\/wp\/v2\/types\/post"}],"author":[{"embeddable":true,"href":"https:\/\/www.brazilianpress.com\/v1\/wp-json\/wp\/v2\/users\/1"}],"replies":[{"embeddable":true,"href":"https:\/\/www.brazilianpress.com\/v1\/wp-json\/wp\/v2\/comments?post=816"}],"version-history":[{"count":2,"href":"https:\/\/www.brazilianpress.com\/v1\/wp-json\/wp\/v2\/posts\/816\/revisions"}],"predecessor-version":[{"id":923,"href":"https:\/\/www.brazilianpress.com\/v1\/wp-json\/wp\/v2\/posts\/816\/revisions\/923"}],"wp:featuredmedia":[{"embeddable":true,"href":"https:\/\/www.brazilianpress.com\/v1\/wp-json\/wp\/v2\/media\/817"}],"wp:attachment":[{"href":"https:\/\/www.brazilianpress.com\/v1\/wp-json\/wp\/v2\/media?parent=816"}],"wp:term":[{"taxonomy":"category","embeddable":true,"href":"https:\/\/www.brazilianpress.com\/v1\/wp-json\/wp\/v2\/categories?post=816"},{"taxonomy":"post_tag","embeddable":true,"href":"https:\/\/www.brazilianpress.com\/v1\/wp-json\/wp\/v2\/tags?post=816"}],"curies":[{"name":"wp","href":"https:\/\/api.w.org\/{rel}","templated":true}]}}