{"id":913,"date":"2013-06-06T11:42:11","date_gmt":"2013-06-06T15:42:11","guid":{"rendered":"http:\/\/www.brazilianpress.com\/v1\/?p=913"},"modified":"2013-06-06T11:42:11","modified_gmt":"2013-06-06T15:42:11","slug":"summer-stage-central-park-inicia-a-temporada-2013-de-atividades-culturais-gratuitas","status":"publish","type":"post","link":"https:\/\/www.brazilianpress.com\/v1\/2013\/06\/06\/summer-stage-central-park-inicia-a-temporada-2013-de-atividades-culturais-gratuitas\/","title":{"rendered":"Summer Stage Central Park inicia a Temporada 2013 de Atividades Culturais Gratuitas"},"content":{"rendered":"<p><strong><img loading=\"lazy\" class=\"alignright size-medium wp-image-914\" alt=\"summer stage logo\" src=\"http:\/\/www.brazilianpress.com\/v1\/wp-content\/uploads\/2013\/06\/summer-stage-logo-300x144.jpg\" width=\"300\" height=\"144\" srcset=\"https:\/\/www.brazilianpress.com\/v1\/wp-content\/uploads\/2013\/06\/summer-stage-logo-300x144.jpg 300w, https:\/\/www.brazilianpress.com\/v1\/wp-content\/uploads\/2013\/06\/summer-stage-logo.jpg 510w\" sizes=\"(max-width: 300px) 100vw, 300px\" \/>Roger Costa<\/strong><\/p>\n<p>Um dos grandes eventos do Ver\u00e3o est\u00e1 pronto para trazer alegria, cultura e divers\u00e3o a pessoas de todas as idades, no palco montado dentro do Central Park. Trata-se do projeto Summer Stage, que oferece \u00e0 comunidade shows de m\u00fasica, dan\u00e7a, teatro, circo, filmes, literatura, discuss\u00f5es, festivais de cultura internacional, programas para crian\u00e7as, dentre outros, organizado pela City Parks Foundation(CPF), \u00fanica organiza\u00e7\u00e3o independente, sem fins lucrativos, oferecendo programas culturais em cerca de 750 parques espalhados pelos cinco bairros da Cidade de New York, inicia sua programa\u00e7\u00e3o 2013 no Central Park, pr\u00f3xima sexta, 14 de junho, a partir das 8pm, com os apresentadores Jonathan Coulton e Ophira Eisenberg, no comando de um espet\u00e1culo de com\u00e9dia, m\u00fasica e v\u00e1rios jogos, onde os participantes poder\u00e3o interagir diretamente, e concorrer a pr\u00eamios.<!--more--><\/p>\n<p>Patrocinado pela Prefeitura da Cidade, Time Warner, Chase, Disney e outros, o evento destaca-se como uma das melhores op\u00e7\u00f5es de entretenimento gratuito, trazendo artistas consagrados no pa\u00eds e tamb\u00e9m internacionalmente, dando oportunidade para conhecer as dimens\u00f5es culturais ao redor do mundo. De junho a agosto, a programa\u00e7\u00e3o tem uma variedade de estilos, para agradar a todos. Entre os mais aguardados nesta temporada 2013, as bandas de rock The Zombies, Django Django, The Indigo Girls, Shuggie Otis e Joan Baez, v\u00e3o esquentar a galera; o R&amp;B Festival ter\u00e1 a participa\u00e7\u00e3o de Raheem Devaughn e Lyfe Jennings, al\u00e9m de Jimmy Eat World, Bobby Mcferrin e a sensa\u00e7\u00e3o She And Him liderada pela bela Zooey Deschanel e M. Ward.<\/p>\n<p>As montagens \u201cDiablo Love\u201d e \u201cKing Kong\u201dde Alfred Preisser ser\u00e3o as pe\u00e7as apresentadas, al\u00e9m de exibi\u00e7\u00e3o de filmes e discuss\u00f5es com escritores, cineastas e lendas do hip hop, para tra\u00e7ar um painel do anivers\u00e1rio de 40 anos do estilo musical, que tem ainda o Festival Franc\u00eas com Iam e Rakim, o Festival de M\u00fasica Africana com Femi Kuti e Sinkane, e o Dia de Canad\u00e1 com Lights e Spirit of the West. O Blue Note Jazz Festival traz Mos Def e outras celebridades, os comediantes do Comedy Central tamb\u00e9m se apresentam, al\u00e9m da Metropolitan Opera. O Festival Gospel trar\u00e1 Shirley Caeser e Donald Lawrence, e a mexicana Julieta Venegas promete um show inesquec\u00edvel.<\/p>\n<p>Na dan\u00e7a teremos coreografias da Martha Graham Dance Company, e a m\u00fasica latina fica a cargo de Fat Joe, Los Rakas, Ismael Rivera, e o condutor de orquestra Tito Munoz. Os brasileiros ter\u00e3o a oportunidade de apreciar shows de Preta Gil, Planet Hemp, Gaby Amarantos e Emicida, al\u00e9m do encerramento do Brazilian Film Festival dia 16. Fiquem ligados no Brazilian Press para mais informa\u00e7\u00f5es e cobertura exclusiva com fotos e coment\u00e1rios. Acesse o site <a href=\"http:\/\/www.cityparksfoundation.org\/summerstage\">www.cityparksfoundation.org\/summerstage<\/a> para programa\u00e7\u00e3o. A entrada \u00e9 gratuita, exceto alguns eventos beneficentes, com aviso no website. Recomenda-se chegar ao local 1 hora antes do in\u00edcio de cada evento, entrada pela East 72nd Street com 5th Avenue, NYC. Have Fun!<\/p>\n","protected":false},"excerpt":{"rendered":"<p>Roger Costa Um dos grandes eventos do Ver\u00e3o est\u00e1 pronto para trazer alegria, cultura e divers\u00e3o a pessoas de todas as idades, no palco montado dentro do Central Park. Trata-se do projeto Summer Stage, que oferece \u00e0 comunidade shows de m\u00fasica, dan\u00e7a, teatro, circo, filmes, literatura, discuss\u00f5es, festivais de cultura internacional, programas para crian\u00e7as, dentre outros, organizado pela City Parks Foundation(CPF), \u00fanica organiza\u00e7\u00e3o independente, sem fins lucrativos, oferecendo programas culturais em cerca de 750 parques espalhados pelos cinco bairros da Cidade de New York, inicia sua programa\u00e7\u00e3o 2013 no Central Park, pr\u00f3xima sexta, 14 de junho, a partir das 8pm, [&hellip;]<\/p>\n","protected":false},"author":1,"featured_media":914,"comment_status":"open","ping_status":"open","sticky":false,"template":"","format":"standard","meta":{"_links_to":"","_links_to_target":""},"categories":[4,1],"tags":[],"views":3073,"_links":{"self":[{"href":"https:\/\/www.brazilianpress.com\/v1\/wp-json\/wp\/v2\/posts\/913"}],"collection":[{"href":"https:\/\/www.brazilianpress.com\/v1\/wp-json\/wp\/v2\/posts"}],"about":[{"href":"https:\/\/www.brazilianpress.com\/v1\/wp-json\/wp\/v2\/types\/post"}],"author":[{"embeddable":true,"href":"https:\/\/www.brazilianpress.com\/v1\/wp-json\/wp\/v2\/users\/1"}],"replies":[{"embeddable":true,"href":"https:\/\/www.brazilianpress.com\/v1\/wp-json\/wp\/v2\/comments?post=913"}],"version-history":[{"count":1,"href":"https:\/\/www.brazilianpress.com\/v1\/wp-json\/wp\/v2\/posts\/913\/revisions"}],"predecessor-version":[{"id":915,"href":"https:\/\/www.brazilianpress.com\/v1\/wp-json\/wp\/v2\/posts\/913\/revisions\/915"}],"wp:featuredmedia":[{"embeddable":true,"href":"https:\/\/www.brazilianpress.com\/v1\/wp-json\/wp\/v2\/media\/914"}],"wp:attachment":[{"href":"https:\/\/www.brazilianpress.com\/v1\/wp-json\/wp\/v2\/media?parent=913"}],"wp:term":[{"taxonomy":"category","embeddable":true,"href":"https:\/\/www.brazilianpress.com\/v1\/wp-json\/wp\/v2\/categories?post=913"},{"taxonomy":"post_tag","embeddable":true,"href":"https:\/\/www.brazilianpress.com\/v1\/wp-json\/wp\/v2\/tags?post=913"}],"curies":[{"name":"wp","href":"https:\/\/api.w.org\/{rel}","templated":true}]}}