{"id":9487,"date":"2014-10-02T12:36:10","date_gmt":"2014-10-02T16:36:10","guid":{"rendered":"http:\/\/www.brazilianpress.com\/v1\/?p=9487"},"modified":"2014-10-02T13:20:51","modified_gmt":"2014-10-02T17:20:51","slug":"por-sucesso-na-tv-padre-marcelo-rossi-e-investigado-por-mais-de-dez-anos-pelo-vaticano","status":"publish","type":"post","link":"https:\/\/www.brazilianpress.com\/v1\/2014\/10\/02\/por-sucesso-na-tv-padre-marcelo-rossi-e-investigado-por-mais-de-dez-anos-pelo-vaticano\/","title":{"rendered":"Por sucesso na TV, padre Marcelo Rossi \u00e9 investigado por mais de dez anos pelo Vaticano"},"content":{"rendered":"<p><img loading=\"lazy\" class=\"alignnone size-full wp-image-9488\" src=\"http:\/\/www.brazilianpress.com\/v1\/wp-content\/uploads\/2014\/10\/padre-marcelo.jpg\" alt=\"padre marcelo\" width=\"500\" height=\"375\" srcset=\"https:\/\/www.brazilianpress.com\/v1\/wp-content\/uploads\/2014\/10\/padre-marcelo.jpg 500w, https:\/\/www.brazilianpress.com\/v1\/wp-content\/uploads\/2014\/10\/padre-marcelo-300x225.jpg 300w\" sizes=\"(max-width: 500px) 100vw, 500px\" \/><\/p>\n<p>Padre Marcelo Rossi passou por uma longa investiga\u00e7\u00e3o do Vaticano, que teve in\u00edcio nos anos 1990 e durou at\u00e9 cerca de quatro anos atr\u00e1s.<\/p>\n<p>Tudo come\u00e7ou depois que um religioso brasileiro o acusou de culto ao personalismo, exibicionismo por ir demais a programas de TV, e desvirtuar as pr\u00e1ticas cat\u00f3licas, segundo o colunista Ricardo Feltrin.<!--more--><\/p>\n<p>A investiga\u00e7\u00e3o teria sido liderada pela Congrega\u00e7\u00e3o para a Doutrina da F\u00e9, que na \u00e9poca era comandada pelo cardeal Joseph Ratzinger, o Papa Bento XVI.<\/p>\n<p>Para que o caso fosse estudado com mais detalhes, teria sido, inclusive, enviado \u00e0 Congrega\u00e7\u00e3o diversos v\u00eddeos das participa\u00e7\u00f5es de Marcelo Rossi nos programas de Xuxa Meneghel, Gugu Liberato e Fausto Silva.<\/p>\n","protected":false},"excerpt":{"rendered":"<p>Padre Marcelo Rossi passou por uma longa investiga\u00e7\u00e3o do Vaticano, que teve in\u00edcio nos anos 1990 e durou at\u00e9 cerca de quatro anos atr\u00e1s. Tudo come\u00e7ou depois que um religioso brasileiro o acusou de culto ao personalismo, exibicionismo por ir demais a programas de TV, e desvirtuar as pr\u00e1ticas cat\u00f3licas, segundo o colunista Ricardo Feltrin.<\/p>\n","protected":false},"author":1,"featured_media":9488,"comment_status":"open","ping_status":"open","sticky":false,"template":"","format":"standard","meta":{"_links_to":"","_links_to_target":""},"categories":[7,1],"tags":[],"views":2780,"_links":{"self":[{"href":"https:\/\/www.brazilianpress.com\/v1\/wp-json\/wp\/v2\/posts\/9487"}],"collection":[{"href":"https:\/\/www.brazilianpress.com\/v1\/wp-json\/wp\/v2\/posts"}],"about":[{"href":"https:\/\/www.brazilianpress.com\/v1\/wp-json\/wp\/v2\/types\/post"}],"author":[{"embeddable":true,"href":"https:\/\/www.brazilianpress.com\/v1\/wp-json\/wp\/v2\/users\/1"}],"replies":[{"embeddable":true,"href":"https:\/\/www.brazilianpress.com\/v1\/wp-json\/wp\/v2\/comments?post=9487"}],"version-history":[{"count":1,"href":"https:\/\/www.brazilianpress.com\/v1\/wp-json\/wp\/v2\/posts\/9487\/revisions"}],"predecessor-version":[{"id":9489,"href":"https:\/\/www.brazilianpress.com\/v1\/wp-json\/wp\/v2\/posts\/9487\/revisions\/9489"}],"wp:featuredmedia":[{"embeddable":true,"href":"https:\/\/www.brazilianpress.com\/v1\/wp-json\/wp\/v2\/media\/9488"}],"wp:attachment":[{"href":"https:\/\/www.brazilianpress.com\/v1\/wp-json\/wp\/v2\/media?parent=9487"}],"wp:term":[{"taxonomy":"category","embeddable":true,"href":"https:\/\/www.brazilianpress.com\/v1\/wp-json\/wp\/v2\/categories?post=9487"},{"taxonomy":"post_tag","embeddable":true,"href":"https:\/\/www.brazilianpress.com\/v1\/wp-json\/wp\/v2\/tags?post=9487"}],"curies":[{"name":"wp","href":"https:\/\/api.w.org\/{rel}","templated":true}]}}