{"id":9499,"date":"2014-10-02T12:53:34","date_gmt":"2014-10-02T16:53:34","guid":{"rendered":"http:\/\/www.brazilianpress.com\/v1\/?p=9499"},"modified":"2014-10-02T12:53:34","modified_gmt":"2014-10-02T16:53:34","slug":"hora-do-sim-george-clooney-e-amal-alamuddin-se-casam-na-italia","status":"publish","type":"post","link":"https:\/\/www.brazilianpress.com\/v1\/2014\/10\/02\/hora-do-sim-george-clooney-e-amal-alamuddin-se-casam-na-italia\/","title":{"rendered":"Hora do sim! George Clooney e Amal Alamuddin se casam na It\u00e1lia"},"content":{"rendered":"<p><img loading=\"lazy\" class=\"alignnone size-full wp-image-9500\" src=\"http:\/\/www.brazilianpress.com\/v1\/wp-content\/uploads\/2014\/10\/george-clooney-casamento-11475141-2726.jpg\" alt=\"george-clooney-casamento-11475141-2726\" width=\"500\" height=\"361\" srcset=\"https:\/\/www.brazilianpress.com\/v1\/wp-content\/uploads\/2014\/10\/george-clooney-casamento-11475141-2726.jpg 500w, https:\/\/www.brazilianpress.com\/v1\/wp-content\/uploads\/2014\/10\/george-clooney-casamento-11475141-2726-300x216.jpg 300w\" sizes=\"(max-width: 500px) 100vw, 500px\" \/><\/p>\n<p>A festa de casamento de George Clooney e Amal Alamuddin est\u00e1 dando o que falar e o suspense com as imagens da cerim\u00f4nia finalmente terminou. A revista People publicou uma edi\u00e7\u00e3o especial sobre o evento e divulgou algumas imagens de tudo que aconteceu na festa. Al\u00e9m de seletos famosos, os noivos ainda reuniram as fam\u00edlias e alguns amigos \u00edntimos. Foram cerca de 100 convidados no total. Bono Vox e Matt Damon estavam na lista.<!--more--><\/p>\n<p><img loading=\"lazy\" class=\"alignright wp-image-9501 size-full\" src=\"http:\/\/www.brazilianpress.com\/v1\/wp-content\/uploads\/2014\/10\/coluna-eugenia-1.jpg\" alt=\"coluna eugenia (1)\" width=\"177\" height=\"285\" \/>O pai do noivo fez um discurso todo fofo sobre o clima de romance no evento e deixou claro que apoia o novo casamento. \u201cGeorge e Amal nos fizeram acreditar novamente que o amor e o bem estar ainda est\u00e3o vivos atualmente!\u201d, declarou Nick. George j\u00e1 foi casado com Talia Balsam. Por sua vez, a m\u00e3e da noiva, se derreteu em elogios ao genro. &#8220;George, n\u00f3s amamos voc\u00ea, verdadeira, profunda e sinceramente. N\u00f3s adoramos seu charme, sua sagacidade, sua conversa inteligente e sua generosidade. Voc\u00ea \u00e9 simplesmente perfeito&#8221;, revelou Baria Alamuddin.<\/p>\n<p>Os pombinhos apareceram elegant\u00e9rrimos na festa. Clooney vestiu um modelo exclusivo de Georgio Armani para subir ao altar. O estilista declarou \u00e0 People estar satisfeit\u00edssimo de produzir o look da estrela de Hollywood. \u201c\u00c9 um privil\u00e9gio e um prazer para mim vest\u00ed-lo para essa ocasi\u00e3o, na qual ele estrela o papel mais importante: o de noivo!\u201d, destacou o italiano. Animado com a produ\u00e7\u00e3o, George tamb\u00e9m se derreteu pelo smoking desenhado por Armani. &#8220;Ele \u00e9 o cl\u00e1ssico dos cl\u00e1ssicos. N\u00e3o seria completo sem ele. Al\u00e9m disso, \u00e9 um amigo muito querido!&#8221;, comentou o astro.<\/p>\n<p>Por sua vez, a noiva escolheu um estilista franc\u00eas para seu vestido e promete criar tend\u00eancia para as pr\u00f3ximas cole\u00e7\u00f5es de vestidos de noiva pelo mundo. O modelo de Oscar de la Renta tinha pedras de diamantes e p\u00e9rolas. Puro luxo! No entanto, nada de ostenta\u00e7\u00e3o na pe\u00e7a da advogada. As joias foram bordadas como detalhes e ficaram bastante discretas no look.<\/p>\n<p><img loading=\"lazy\" class=\"alignleft size-medium wp-image-9502\" src=\"http:\/\/www.brazilianpress.com\/v1\/wp-content\/uploads\/2014\/10\/coluna-eugenia-3-300x206.jpg\" alt=\"coluna eugenia (3)\" width=\"300\" height=\"206\" srcset=\"https:\/\/www.brazilianpress.com\/v1\/wp-content\/uploads\/2014\/10\/coluna-eugenia-3-300x206.jpg 300w, https:\/\/www.brazilianpress.com\/v1\/wp-content\/uploads\/2014\/10\/coluna-eugenia-3.jpg 382w\" sizes=\"(max-width: 300px) 100vw, 300px\" \/>Com tanto estilo na organiza\u00e7\u00e3o, a cerim\u00f4nia de 30 minutos foi t\u00e3o elegante quanto poss\u00edvel.<\/p>\n<p>A m\u00fasica escolhida pelos noivos para a primeira valsa foi Always, interpretada ao vivo pela cantora Nora Sagal. A composi\u00e7\u00e3o de\u00a0Irving Berlin, foi a mesma que Nick e Nina, os pais do ator, dan\u00e7aram quando se casaram.<\/p>\n<p>Com quatro dias de programa\u00e7\u00e3o acertada, George e Amal tiveram uma agenda cheia de compromissos desde a sexta-feira (26), quando sa\u00edram para comemorar a uni\u00e3o com um grupo de amigos famosos. Depois, a cerim\u00f4nia formal, que aconteceu no s\u00e1bado (27). No domingo (28), eles sa\u00edram para um almo\u00e7o com a fam\u00edlia e \u00e0 noite, serviram um jantar para cerca de cem convidados. Depois de tudo isso, na segunda-feira (29), a prefeitura de Veneza fechou um dos canais da cidade para que eles pudessem oficializar a uni\u00e3o numa cerim\u00f4nia civil.<\/p>\n<p><strong>Nicki Minaj vai comandar o MTV European Music Awards 2014<br \/>\nA cidade de Glasgow, na Esc\u00f3cia, sediar\u00e1 o evento.<\/strong><\/p>\n<p><img loading=\"lazy\" class=\"alignright size-medium wp-image-9503\" src=\"http:\/\/www.brazilianpress.com\/v1\/wp-content\/uploads\/2014\/10\/coluna-eugenia-5-300x206.jpg\" alt=\"coluna eugenia (5)\" width=\"300\" height=\"206\" srcset=\"https:\/\/www.brazilianpress.com\/v1\/wp-content\/uploads\/2014\/10\/coluna-eugenia-5-300x206.jpg 300w, https:\/\/www.brazilianpress.com\/v1\/wp-content\/uploads\/2014\/10\/coluna-eugenia-5.jpg 382w\" sizes=\"(max-width: 300px) 100vw, 300px\" \/>Nicki Minaj , a cantora do hit Anaconda, foi escolhida como anfitri\u00e3 da cerim\u00f4nia de comemora\u00e7\u00e3o do vig\u00e9simo anivers\u00e1rio do MTV European Music Awards, que acontecer\u00e1 no dia nove de novembro na cidade de Glasgow, Esc\u00f3cia.<\/p>\n<p>Minaj, que tamb\u00e9m deve cantar na ocasi\u00e3o, disse que n\u00e3o poderia estar mais feliz. &#8220;Estou t\u00e3o animada ao anunciar que n\u00e3o vou apenas cantar, mas terei a honra de apresentar o MTV European Music Awards deste ano!!!! AAAAHHHH!!!!&#8221;, escreveu a cantora em suas contas no Twitter e Instagram na manh\u00e3 de ter\u00e7a-feira (30).<\/p>\n<p>A festa de premia\u00e7\u00e3o ser\u00e1 realizada no SSE Hydro pela primeira vez e ter\u00e1 transmiss\u00e3o ao vivo a partir das 9 da noite, hor\u00e1rio local.<\/p>\n<p>Al\u00e9m de apresentar e tamb\u00e9m cantar no evento, Nicki ainda pode acabar levando alguns pr\u00eamios pra casa, visto que concorre em quatro categorias: Melhor Look, Melhor Cantora, Melhor Artista Hip-Hop e Cantora com Maiores F\u00e3s. A vota\u00e7\u00e3o para o MTV European Music Awards 2014 j\u00e1 est\u00e1 aberta no website mtvema.com e vai at\u00e9 \u00e0s 23h59 de oito de novembro, v\u00e9spera da festa.<\/p>\n<p><strong>Vers\u00e3o de testes do Windows 10 dispon\u00edvel<\/strong><\/p>\n<p><img loading=\"lazy\" class=\"alignleft size-medium wp-image-9504\" src=\"http:\/\/www.brazilianpress.com\/v1\/wp-content\/uploads\/2014\/10\/coluna-eugenia-2-300x130.jpg\" alt=\"coluna eugenia (2)\" width=\"300\" height=\"130\" srcset=\"https:\/\/www.brazilianpress.com\/v1\/wp-content\/uploads\/2014\/10\/coluna-eugenia-2-300x130.jpg 300w, https:\/\/www.brazilianpress.com\/v1\/wp-content\/uploads\/2014\/10\/coluna-eugenia-2.jpg 340w\" sizes=\"(max-width: 300px) 100vw, 300px\" \/>Technical Preview poder\u00e1 ser baixada por usu\u00e1rios cadastrados no Windows Insider Program.<\/p>\n<p>A Microsoft acaba de confirmar o nome do novo sistema operacional que ir\u00e1 substituir o Windows 8 no mercado. Surpreendentemente, o SO n\u00e3o vai se chamar \u201cWindows 9\u201c como j\u00e1 vinha sendo esperado h\u00e1 alguns meses. Pois \u00e9, a Microsoft revelou que ele ser\u00e1 chamado de Windows 10\u00a0 pulando o n\u00famero \u201c9\u201d na escala evolutiva das vers\u00f5es colocadas no mercado nos \u00faltimos anos. Se voc\u00ea est\u00e1 ansioso para conhecer as novidades, saiba que a Microsoft afirmou que o Windows 10 s\u00f3 estar\u00e1 dispon\u00edvel comercialmente no segundo semestre de 2015. Mesmo assim, vers\u00f5es iniciais de testes j\u00e1 v\u00e3o come\u00e7ar a ser disponibilizadas a partir de hoje para os membros do Windows Insider Program respeitando uma cronologia de libera\u00e7\u00e3o para notebooks e desktops, depois chegando a servidores. Para os membros do programa j\u00e1 citado, acessando o seguinte site: <a href=\"http:\/\/windows.microsoft.com\/pt-br\/windows\/preview-coming-soon\" target=\"_blank\">http:\/\/windows.microsoft.com\/pt-br\/windows\/preview-coming-soon<\/a><\/p>\n","protected":false},"excerpt":{"rendered":"<p>A festa de casamento de George Clooney e Amal Alamuddin est\u00e1 dando o que falar e o suspense com as imagens da cerim\u00f4nia finalmente terminou. A revista People publicou uma edi\u00e7\u00e3o especial sobre o evento e divulgou algumas imagens de tudo que aconteceu na festa. Al\u00e9m de seletos famosos, os noivos ainda reuniram as fam\u00edlias e alguns amigos \u00edntimos. Foram cerca de 100 convidados no total. Bono Vox e Matt Damon estavam na lista.<\/p>\n","protected":false},"author":1,"featured_media":9500,"comment_status":"open","ping_status":"open","sticky":false,"template":"","format":"standard","meta":{"_links_to":"","_links_to_target":""},"categories":[4,1],"tags":[],"views":2656,"_links":{"self":[{"href":"https:\/\/www.brazilianpress.com\/v1\/wp-json\/wp\/v2\/posts\/9499"}],"collection":[{"href":"https:\/\/www.brazilianpress.com\/v1\/wp-json\/wp\/v2\/posts"}],"about":[{"href":"https:\/\/www.brazilianpress.com\/v1\/wp-json\/wp\/v2\/types\/post"}],"author":[{"embeddable":true,"href":"https:\/\/www.brazilianpress.com\/v1\/wp-json\/wp\/v2\/users\/1"}],"replies":[{"embeddable":true,"href":"https:\/\/www.brazilianpress.com\/v1\/wp-json\/wp\/v2\/comments?post=9499"}],"version-history":[{"count":1,"href":"https:\/\/www.brazilianpress.com\/v1\/wp-json\/wp\/v2\/posts\/9499\/revisions"}],"predecessor-version":[{"id":9505,"href":"https:\/\/www.brazilianpress.com\/v1\/wp-json\/wp\/v2\/posts\/9499\/revisions\/9505"}],"wp:featuredmedia":[{"embeddable":true,"href":"https:\/\/www.brazilianpress.com\/v1\/wp-json\/wp\/v2\/media\/9500"}],"wp:attachment":[{"href":"https:\/\/www.brazilianpress.com\/v1\/wp-json\/wp\/v2\/media?parent=9499"}],"wp:term":[{"taxonomy":"category","embeddable":true,"href":"https:\/\/www.brazilianpress.com\/v1\/wp-json\/wp\/v2\/categories?post=9499"},{"taxonomy":"post_tag","embeddable":true,"href":"https:\/\/www.brazilianpress.com\/v1\/wp-json\/wp\/v2\/tags?post=9499"}],"curies":[{"name":"wp","href":"https:\/\/api.w.org\/{rel}","templated":true}]}}