{"id":9609,"date":"2014-10-09T11:51:21","date_gmt":"2014-10-09T15:51:21","guid":{"rendered":"http:\/\/www.brazilianpress.com\/v1\/?p=9609"},"modified":"2014-10-09T11:51:21","modified_gmt":"2014-10-09T15:51:21","slug":"atletico-mg-nao-vence-no-maracana-desde-2008-veja-curiosidades-da-epoca","status":"publish","type":"post","link":"https:\/\/www.brazilianpress.com\/v1\/2014\/10\/09\/atletico-mg-nao-vence-no-maracana-desde-2008-veja-curiosidades-da-epoca\/","title":{"rendered":"Atl\u00e9tico-MG n\u00e3o vence no Maracan\u00e3 desde 2008. Veja curiosidades da \u00e9poca"},"content":{"rendered":"<p><img loading=\"lazy\" class=\"alignnone size-full wp-image-9610\" src=\"http:\/\/www.brazilianpress.com\/v1\/wp-content\/uploads\/2014\/10\/diego-tardelli.jpg\" alt=\"diego tardelli atletico\" width=\"500\" height=\"300\" srcset=\"https:\/\/www.brazilianpress.com\/v1\/wp-content\/uploads\/2014\/10\/diego-tardelli.jpg 500w, https:\/\/www.brazilianpress.com\/v1\/wp-content\/uploads\/2014\/10\/diego-tardelli-300x180.jpg 300w\" sizes=\"(max-width: 500px) 100vw, 500px\" \/><\/p>\n<p>Com duas derrotas seguidas longe de casa, em jogos pela Copa do Brasil e Brasileir\u00e3o, o Atl\u00e9tico-MG busca a recupera\u00e7\u00e3o diante do Fluminense, na quinta-feira. Por\u00e9m, o alvinegro mineiro ter\u00e1 pela frente um jejum indigesto atuando no Maracan\u00e3, local da partida v\u00e1lida pela 27\u00aa rodada do Campeonato Brasileiro.<\/p>\n<p>Desde a reabertura do est\u00e1dio, no ano passado, depois de passar por reforma para a Copa do Mundo, o Atl\u00e9tico n\u00e3o venceu mais no est\u00e1dio carioca. Foram tr\u00eas derrotas e um empate. <!--more-->Por\u00e9m, a dificuldade em vencer no est\u00e1dio \u00e9 ainda mais distante. O \u00faltimo triunfo alvinegro no Maracan\u00e3 ocorreu pelo Brasileir\u00e3o de 2008, contra o Flamengo, por 3 a 0, no segundo turno da competi\u00e7\u00e3o nacional daquele ano. Desde ent\u00e3o se passaram seis anos e mais oito jogos no local e muita coisa mudou no clube mineiro. A reportagem ista algumas curiosidades da equipe atleticana que entrou em campo diante do Flamengo, para mais de 70 mil pessoas.<\/p>\n<p>Curiosidades da \u00faltima vit\u00f3ria do Atl\u00e9tico-MG no Maracan\u00e3<\/p>\n<ul>\n<li>Marcelo Oliveira comandava o Atl\u00e9tico<\/li>\n<\/ul>\n<p>Hoje t\u00e9cnico do rival Cruzeiro, onde vem tendo sucesso, j\u00e1 que conquistou o t\u00edtulo do Brasileiro de 2013 e est\u00e1 novamente isolado na ponta da tabela, era o treinador atleticano e ainda iniciava a sua experi\u00eancia em equipes profissionais<\/p>\n<ul>\n<li>Atl\u00e9tico comemorava 100 anos<\/li>\n<\/ul>\n<p>O ano do \u00faltimo triunfo atleticano no Maracan\u00e3 marcou o centen\u00e1rio do clube mineiro. A temporada de anivers\u00e1rio foi para ser esquecida, j\u00e1 que nenhum t\u00edtulo foi conquistado e o time alvinegro brigou para ser rebaixado no Brasileir\u00e3o<\/p>\n<ul>\n<li>Petkovic era o grande nome do Atl\u00e9tico<\/li>\n<\/ul>\n<p>Curiosamente, o duelo contra o Flamengo, que contou com a vit\u00f3ria atleticana no Rio de Janeiro, tinha como grande nome Petkovic. O s\u00e9rvio, que teve passagem marcante pelo clube carioca, era a estrela atleticana. O meia tinha sido contratado pelo presidente Ziza Valadares como presente para os 100 anos do clube<\/p>\n<ul>\n<li>Renan Oliveira e Tch\u00f4 eram promessas da base<\/li>\n<\/ul>\n<p>Ao lado de Petkovic, no meio de campo atleticano, Marcelo Oliveira tinha duas promessas da base e que n\u00e3o conseguiram vingar. Renan Oliveira, que marcou um dos gols no triunfo sobre o Flamengo, era tido como futuro craque. O seu reserva imediato era Tch\u00f4, que tamb\u00e9m se destacou na base. Curiosamente, ambos atuam hoje no Am\u00e9rica-MG<\/p>\n<ul>\n<li>Atacante boliviano marcou o primeiro gol pelo clube<\/li>\n<\/ul>\n<p>O centroavante Castillo era uma das apostas da diretoria atleticana para ter um centen\u00e1rio de conquistas. Sem conseguir apresentar grande futebol, o boliviano, desconhecido no Brasil, marcou o seu primeiro de apenas tr\u00eas gols pelo Atl\u00e9tico, justamente diante do Flamengo<\/p>\n","protected":false},"excerpt":{"rendered":"<p>Com duas derrotas seguidas longe de casa, em jogos pela Copa do Brasil e Brasileir\u00e3o, o Atl\u00e9tico-MG busca a recupera\u00e7\u00e3o diante do Fluminense, na quinta-feira. Por\u00e9m, o alvinegro mineiro ter\u00e1 pela frente um jejum indigesto atuando no Maracan\u00e3, local da partida v\u00e1lida pela 27\u00aa rodada do Campeonato Brasileiro. Desde a reabertura do est\u00e1dio, no ano passado, depois de passar por reforma para a Copa do Mundo, o Atl\u00e9tico n\u00e3o venceu mais no est\u00e1dio carioca. Foram tr\u00eas derrotas e um empate.<\/p>\n","protected":false},"author":1,"featured_media":9610,"comment_status":"open","ping_status":"open","sticky":false,"template":"","format":"standard","meta":{"_links_to":"","_links_to_target":""},"categories":[9,1],"tags":[],"views":1954,"_links":{"self":[{"href":"https:\/\/www.brazilianpress.com\/v1\/wp-json\/wp\/v2\/posts\/9609"}],"collection":[{"href":"https:\/\/www.brazilianpress.com\/v1\/wp-json\/wp\/v2\/posts"}],"about":[{"href":"https:\/\/www.brazilianpress.com\/v1\/wp-json\/wp\/v2\/types\/post"}],"author":[{"embeddable":true,"href":"https:\/\/www.brazilianpress.com\/v1\/wp-json\/wp\/v2\/users\/1"}],"replies":[{"embeddable":true,"href":"https:\/\/www.brazilianpress.com\/v1\/wp-json\/wp\/v2\/comments?post=9609"}],"version-history":[{"count":1,"href":"https:\/\/www.brazilianpress.com\/v1\/wp-json\/wp\/v2\/posts\/9609\/revisions"}],"predecessor-version":[{"id":9611,"href":"https:\/\/www.brazilianpress.com\/v1\/wp-json\/wp\/v2\/posts\/9609\/revisions\/9611"}],"wp:featuredmedia":[{"embeddable":true,"href":"https:\/\/www.brazilianpress.com\/v1\/wp-json\/wp\/v2\/media\/9610"}],"wp:attachment":[{"href":"https:\/\/www.brazilianpress.com\/v1\/wp-json\/wp\/v2\/media?parent=9609"}],"wp:term":[{"taxonomy":"category","embeddable":true,"href":"https:\/\/www.brazilianpress.com\/v1\/wp-json\/wp\/v2\/categories?post=9609"},{"taxonomy":"post_tag","embeddable":true,"href":"https:\/\/www.brazilianpress.com\/v1\/wp-json\/wp\/v2\/tags?post=9609"}],"curies":[{"name":"wp","href":"https:\/\/api.w.org\/{rel}","templated":true}]}}