{"id":9612,"date":"2014-10-09T11:52:42","date_gmt":"2014-10-09T15:52:42","guid":{"rendered":"http:\/\/www.brazilianpress.com\/v1\/?p=9612"},"modified":"2014-10-09T11:52:42","modified_gmt":"2014-10-09T15:52:42","slug":"alisson-demonstra-ansiedade-e-faz-conta-para-o-titulo-faltam-seis-jogos","status":"publish","type":"post","link":"https:\/\/www.brazilianpress.com\/v1\/2014\/10\/09\/alisson-demonstra-ansiedade-e-faz-conta-para-o-titulo-faltam-seis-jogos\/","title":{"rendered":"Alisson demonstra ansiedade e faz conta para o t\u00edtulo: &#8220;faltam seis jogos&#8221;"},"content":{"rendered":"<p><img loading=\"lazy\" class=\"alignnone size-full wp-image-9613\" src=\"http:\/\/www.brazilianpress.com\/v1\/wp-content\/uploads\/2014\/10\/Cruzeiro.jpg\" alt=\"Cruzeiro\" width=\"501\" height=\"297\" srcset=\"https:\/\/www.brazilianpress.com\/v1\/wp-content\/uploads\/2014\/10\/Cruzeiro.jpg 501w, https:\/\/www.brazilianpress.com\/v1\/wp-content\/uploads\/2014\/10\/Cruzeiro-300x177.jpg 300w\" sizes=\"(max-width: 501px) 100vw, 501px\" \/><\/p>\n<p>Durante entrevista coletiva na ter\u00e7a-feira, o meia-atacante Alisson, que se recuperou de les\u00e3o muscular, mostrou que proximidade de conquistar o t\u00edtulo brasileiro tem deixado o grupo do Cruzeiro ansioso, principalmente depois de ampliar a vantagem para nove pontos em rela\u00e7\u00e3o ao vice-l\u00edder do Brasileir\u00e3o.<\/p>\n<p>Alisson deu o tom do momento vivido pelo Cruzeiro depois da vit\u00f3ria sobre o Internacional, por 2 a 1, no s\u00e1bado, passado, que o deixou com nove pontos a mais que os ga\u00fachos, segundo colocado.<!--more--><\/p>\n<p>&#8220;Temos que fazer nossa parte quarta-feira contra o Corinthians para ir acabando logo com essas rodadas e quem sabe conseguir o t\u00edtulo novamente&#8221;, observou o jovem atleta, que se recuperou de les\u00e3o na coxa esquerda.<\/p>\n<p>O meia admite que a equipe ficou em situa\u00e7\u00e3o bastante confort\u00e1vel na tabela. &#8220;Todo mundo sabe que a vantagem \u00e9 boa, conseguimos abrir nove pontos no campeonato de pontos corridos. Mas temos que ficar com os p\u00e9s no ch\u00e3o, respeitando todo mundo&#8221;, afirmou.<\/p>\n<p>Embora o discurso seja de pensar jogo a jogo, os cruzeirenses tamb\u00e9m j\u00e1 come\u00e7aram a fazer proje\u00e7\u00f5es e j\u00e1 possuem metas para conquistar o caneco. &#8220;Se for parar para fazer contas, acho que faltam cinco ou seis jogos, acho que cinco vit\u00f3rias e dois empates&#8221;, ressaltou Alisson.<\/p>\n<p>Segundo ele, a conquista ser\u00e1 ainda mais especial, pois em 2013 ele era reserva e pouco atuava. J\u00e1 em 2014, conseguiu a titularidade no time de Marcelo Oliveira e vem jogando com frequ\u00eancia no Brasileir\u00e3o.<\/p>\n<p>&#8220;Com certeza (<em>ser\u00e1 mais importante<\/em>). Ano passado realizei um grande sonho que era ser campe\u00e3o brasileiro com o Cruzeiro, onde comecei, ter sido campe\u00e3o pelo profissional foi meu primeiro sonho realizado. Agora estou ansioso tamb\u00e9m, se pudesse terminar agora todo mundo iria falar &#8216;vamos terminar isso&#8217;. Tem essa vantagem boa, mas temos que saber lidar com a ansiedade e ir passo a passo&#8221;, comentou.<\/p>\n","protected":false},"excerpt":{"rendered":"<p>Durante entrevista coletiva na ter\u00e7a-feira, o meia-atacante Alisson, que se recuperou de les\u00e3o muscular, mostrou que proximidade de conquistar o t\u00edtulo brasileiro tem deixado o grupo do Cruzeiro ansioso, principalmente depois de ampliar a vantagem para nove pontos em rela\u00e7\u00e3o ao vice-l\u00edder do Brasileir\u00e3o. Alisson deu o tom do momento vivido pelo Cruzeiro depois da vit\u00f3ria sobre o Internacional, por 2 a 1, no s\u00e1bado, passado, que o deixou com nove pontos a mais que os ga\u00fachos, segundo colocado.<\/p>\n","protected":false},"author":1,"featured_media":9613,"comment_status":"open","ping_status":"open","sticky":false,"template":"","format":"standard","meta":{"_links_to":"","_links_to_target":""},"categories":[9,1],"tags":[],"views":2036,"_links":{"self":[{"href":"https:\/\/www.brazilianpress.com\/v1\/wp-json\/wp\/v2\/posts\/9612"}],"collection":[{"href":"https:\/\/www.brazilianpress.com\/v1\/wp-json\/wp\/v2\/posts"}],"about":[{"href":"https:\/\/www.brazilianpress.com\/v1\/wp-json\/wp\/v2\/types\/post"}],"author":[{"embeddable":true,"href":"https:\/\/www.brazilianpress.com\/v1\/wp-json\/wp\/v2\/users\/1"}],"replies":[{"embeddable":true,"href":"https:\/\/www.brazilianpress.com\/v1\/wp-json\/wp\/v2\/comments?post=9612"}],"version-history":[{"count":1,"href":"https:\/\/www.brazilianpress.com\/v1\/wp-json\/wp\/v2\/posts\/9612\/revisions"}],"predecessor-version":[{"id":9614,"href":"https:\/\/www.brazilianpress.com\/v1\/wp-json\/wp\/v2\/posts\/9612\/revisions\/9614"}],"wp:featuredmedia":[{"embeddable":true,"href":"https:\/\/www.brazilianpress.com\/v1\/wp-json\/wp\/v2\/media\/9613"}],"wp:attachment":[{"href":"https:\/\/www.brazilianpress.com\/v1\/wp-json\/wp\/v2\/media?parent=9612"}],"wp:term":[{"taxonomy":"category","embeddable":true,"href":"https:\/\/www.brazilianpress.com\/v1\/wp-json\/wp\/v2\/categories?post=9612"},{"taxonomy":"post_tag","embeddable":true,"href":"https:\/\/www.brazilianpress.com\/v1\/wp-json\/wp\/v2\/tags?post=9612"}],"curies":[{"name":"wp","href":"https:\/\/api.w.org\/{rel}","templated":true}]}}