{"id":9615,"date":"2014-10-09T11:54:24","date_gmt":"2014-10-09T15:54:24","guid":{"rendered":"http:\/\/www.brazilianpress.com\/v1\/?p=9615"},"modified":"2014-10-09T12:28:36","modified_gmt":"2014-10-09T16:28:36","slug":"neurologistas-dizem-que-lesao-pode-deixar-bianchi-em-estado-vegetativo","status":"publish","type":"post","link":"https:\/\/www.brazilianpress.com\/v1\/2014\/10\/09\/neurologistas-dizem-que-lesao-pode-deixar-bianchi-em-estado-vegetativo\/","title":{"rendered":"Neurologistas dizem que les\u00e3o pode deixar Bianchi em estado vegetativo"},"content":{"rendered":"<p><img loading=\"lazy\" class=\"alignnone size-full wp-image-9616\" src=\"http:\/\/www.brazilianpress.com\/v1\/wp-content\/uploads\/2014\/10\/F1.jpg\" alt=\"F1\" width=\"500\" height=\"311\" srcset=\"https:\/\/www.brazilianpress.com\/v1\/wp-content\/uploads\/2014\/10\/F1.jpg 500w, https:\/\/www.brazilianpress.com\/v1\/wp-content\/uploads\/2014\/10\/F1-300x186.jpg 300w\" sizes=\"(max-width: 500px) 100vw, 500px\" \/><\/p>\n<p>Com a les\u00e3o axonal difusa (LAD) sofrida por Jules Bianchi no grave acidente do Grande Pr\u00eamio do Jap\u00e3o de F\u00f3rmula 1, o piloto pode em estado vegetativo para o resto da vida. \u00c9 o que indicam neurologistas consultados pela reportagem ap\u00f3s a divulga\u00e7\u00e3o do novo boletim m\u00e9dico. A les\u00e3o, normalmente causada por desacelera\u00e7\u00e3o brusca, \u00e9 considerada traum\u00e1tica e de risco extremo, j\u00e1 que ela afeta a liga\u00e7\u00e3o entre os neur\u00f4nios.<!--more--><\/p>\n<p>Os m\u00e9dicos que conversaram com a reportagem acreditam que ainda \u00e9 cedo para dar um progn\u00f3stico completo, mas que \u00e9 muito prov\u00e1vel que fiquem sequelas no franc\u00eas, que est\u00e1 internado em estado cr\u00edtico na UTI do Hospital Universit\u00e1rio de Mie, na cidade de Yokkaichi.<\/p>\n<p>&#8220;Ele est\u00e1 em coma. \u00c9 comum caso ele fique semanas ou meses desacordado. Quando ele abrir o olho v\u00e3o ver o qual \u00e9 a resposta dele. Se ele n\u00e3o fizer nada, ele estar\u00e1 em estado vegetativo persistente. \u00c9 o grau m\u00e1ximo de sequela. \u00c9 poss\u00edvel abrir os olhos e n\u00e3o executar uma ordem f\u00edsica, n\u00e3o reage com o ambiente. H\u00e1 um risco razo\u00e1vel de isso acontecer. \u00c0s vezes a pessoa consegue se mexer. Chamamos de estado minimamente consciente&#8221;, explica Leandro Teles, neurologista da Faculdade de Medicina da Universidade de S\u00e3o Paulo.<\/p>\n<p>&#8220;N\u00e3o \u00e9 uma les\u00e3o de opera\u00e7\u00e3o. N\u00e3o tem como conduzir, \u00e9 manter o paciente em coma at\u00e9 ele acordar. \u00c9 cuidar e esperar. \u00c0s vezes os pacientes saem do coma e acabam sequelados. Ou estado vegetativo, ou sequelado em alguma fun\u00e7\u00e3o motora&#8221;, continuou.<\/p>\n<p>Andr\u00e9 Luiz Beer Furlan, neurocirurgi\u00e3o do Hospital do Cora\u00e7\u00e3o de S\u00e3o Paulo, afirma que alguns exames de imagem podem ajudar a entender melhor a extens\u00e3o da LAD, mas tudo depende de como Bianchi vai reagir nos pr\u00f3ximos dias.<\/p>\n<p>&#8220;Exames de imagem podem dar uma primeira ideia, mas \u00e9 necess\u00e1rio o paciente acordar do coma&#8221;, disse.<\/p>\n","protected":false},"excerpt":{"rendered":"<p>Com a les\u00e3o axonal difusa (LAD) sofrida por Jules Bianchi no grave acidente do Grande Pr\u00eamio do Jap\u00e3o de F\u00f3rmula 1, o piloto pode em estado vegetativo para o resto da vida. \u00c9 o que indicam neurologistas consultados pela reportagem ap\u00f3s a divulga\u00e7\u00e3o do novo boletim m\u00e9dico. A les\u00e3o, normalmente causada por desacelera\u00e7\u00e3o brusca, \u00e9 considerada traum\u00e1tica e de risco extremo, j\u00e1 que ela afeta a liga\u00e7\u00e3o entre os neur\u00f4nios.<\/p>\n","protected":false},"author":1,"featured_media":9616,"comment_status":"open","ping_status":"open","sticky":false,"template":"","format":"standard","meta":{"_links_to":"","_links_to_target":""},"categories":[9,1],"tags":[],"views":2372,"_links":{"self":[{"href":"https:\/\/www.brazilianpress.com\/v1\/wp-json\/wp\/v2\/posts\/9615"}],"collection":[{"href":"https:\/\/www.brazilianpress.com\/v1\/wp-json\/wp\/v2\/posts"}],"about":[{"href":"https:\/\/www.brazilianpress.com\/v1\/wp-json\/wp\/v2\/types\/post"}],"author":[{"embeddable":true,"href":"https:\/\/www.brazilianpress.com\/v1\/wp-json\/wp\/v2\/users\/1"}],"replies":[{"embeddable":true,"href":"https:\/\/www.brazilianpress.com\/v1\/wp-json\/wp\/v2\/comments?post=9615"}],"version-history":[{"count":1,"href":"https:\/\/www.brazilianpress.com\/v1\/wp-json\/wp\/v2\/posts\/9615\/revisions"}],"predecessor-version":[{"id":9617,"href":"https:\/\/www.brazilianpress.com\/v1\/wp-json\/wp\/v2\/posts\/9615\/revisions\/9617"}],"wp:featuredmedia":[{"embeddable":true,"href":"https:\/\/www.brazilianpress.com\/v1\/wp-json\/wp\/v2\/media\/9616"}],"wp:attachment":[{"href":"https:\/\/www.brazilianpress.com\/v1\/wp-json\/wp\/v2\/media?parent=9615"}],"wp:term":[{"taxonomy":"category","embeddable":true,"href":"https:\/\/www.brazilianpress.com\/v1\/wp-json\/wp\/v2\/categories?post=9615"},{"taxonomy":"post_tag","embeddable":true,"href":"https:\/\/www.brazilianpress.com\/v1\/wp-json\/wp\/v2\/tags?post=9615"}],"curies":[{"name":"wp","href":"https:\/\/api.w.org\/{rel}","templated":true}]}}