{"id":9618,"date":"2014-10-09T11:59:37","date_gmt":"2014-10-09T15:59:37","guid":{"rendered":"http:\/\/www.brazilianpress.com\/v1\/?p=9618"},"modified":"2014-10-09T11:59:37","modified_gmt":"2014-10-09T15:59:37","slug":"bispos-catolicos-discutem-acolhida-a-divorciados-e-gays","status":"publish","type":"post","link":"https:\/\/www.brazilianpress.com\/v1\/2014\/10\/09\/bispos-catolicos-discutem-acolhida-a-divorciados-e-gays\/","title":{"rendered":"Bispos cat\u00f3licos discutem acolhida a divorciados e gays"},"content":{"rendered":"<p><img loading=\"lazy\" class=\"alignnone size-full wp-image-9619\" src=\"http:\/\/www.brazilianpress.com\/v1\/wp-content\/uploads\/2014\/10\/bispos-catolicos.jpg\" alt=\"_bispos catolicos\" width=\"500\" height=\"333\" srcset=\"https:\/\/www.brazilianpress.com\/v1\/wp-content\/uploads\/2014\/10\/bispos-catolicos.jpg 500w, https:\/\/www.brazilianpress.com\/v1\/wp-content\/uploads\/2014\/10\/bispos-catolicos-300x199.jpg 300w\" sizes=\"(max-width: 500px) 100vw, 500px\" \/><\/p>\n<p>O testemunho de Romano e Mavis Mirola, diretores do Conselho Cat\u00f3lico Australiano Fam\u00edlia e Matrim\u00f4nio, levantou na ter\u00e7a-feira na assembleia do S\u00ednodo Sobre a Fam\u00edlia, no Vaticano, exemplos de dificuldades reais que a Igreja deve enfrentar, como o drama das m\u00e3es solteiras, a acolhida de um filho gay e a educa\u00e7\u00e3o de crian\u00e7as portadoras de defici\u00eancias.<!--more--><\/p>\n<p>Os australianos disseram que a fam\u00edlia, apresentada como beleza do amor humano e reflexo do amor divino, \u00e9 cheia de pequenos dramas, como o de uma m\u00e3e solteira que educa os filhos e frequenta a par\u00f3quia, apesar de ser alvo de rejei\u00e7\u00f5es; o de um casal que aceita um filho homossexual (&#8220;ele \u00e9 e continua sendo nosso filho&#8221;), e o de uma vi\u00fava que cuida do filho de 44 anos com s\u00edndrome de Down e esquizofenia, preocupada com o futuro dele, depois que ela morrer.<\/p>\n<p>Os padres, observou o casal, t\u00eam grande papel a cumprir na assist\u00eancia que devem dar aos leigos na pastoral familiar, mas t\u00eam de receber forma\u00e7\u00e3o mais adequada, a come\u00e7ar por uma mudan\u00e7a de mentalidade, como ensinou Bento XVI. Para o papa em\u00e9rito, lembraram os australianos, os leigos s\u00e3o n\u00e3o apenas colaboradores do clero, mas correspons\u00e1veis na evangeliza\u00e7\u00e3o. A forma\u00e7\u00e3o do clero foi objeto de outras interven\u00e7\u00f5es da sess\u00e3o do S\u00ednodo, que come\u00e7ou com breve introdu\u00e7\u00e3o de um dos tr\u00eas presidentes-delegados, o arcebispo de Paris, cardeal Andr\u00e9 Vingt-Trois.<\/p>\n<p>A quest\u00e3o dos cat\u00f3licos divorciados e recasados ocupou boa parte das discuss\u00f5es, conforme relato do Servi\u00e7o de Informa\u00e7\u00e3o do Vaticano. V\u00e1rios participantes externaram preocupa\u00e7\u00e3o com a necessidade de se dar melhor acolhimento a esses casais e com a aspira\u00e7\u00e3o deles de terem acesso ao sacramento da Eucaristia, &#8220;que n\u00e3o \u00e9 sacramento dos perfeitos, mas daqueles que caminham&#8221;, ou seja, de todos os fi\u00e9is que vivem o dia a dia da comunidade crist\u00e3.<\/p>\n<p>Argumentando que a Igreja deve transmitir a verdade e n\u00e3o fazer um julgamento dos recasados, os participantes do S\u00ednodo disseram que &#8220;o rem\u00e9dio da miseric\u00f3rdia traz acolhida, assist\u00eancia e apoio&#8221;, sobretudo porque as fam\u00edlias que sofrem (discrimina\u00e7\u00e3o na comunidade) n\u00e3o buscam solu\u00e7\u00f5es pastorais r\u00e1pidas, nem querem ser mera cifra estat\u00edstica, mas sentem a necessidade de se serem ouvidas e amadas. &#8220;Deve ser dado mais espa\u00e7o para a l\u00f3gica sacramental do que para a l\u00f3gica jur\u00eddica&#8221;, insistiram os bispos.<\/p>\n<p>O Vaticano prop\u00f5e, como se voltou a insistir no plen\u00e1rio do S\u00ednodo, a simplifica\u00e7\u00e3o dos processos de declara\u00e7\u00e3o de nulidade do casamento como solu\u00e7\u00e3o para a situa\u00e7\u00e3o dos recasados. A declara\u00e7\u00e3o de nulidade significa que o matrim\u00f4nio n\u00e3o existiu, e n\u00e3o a anula\u00e7\u00e3o de um matrim\u00f4nio v\u00e1lido. Dando-se mais agilidade aos tribunais eclesi\u00e1sticos, diminuiria o n\u00famero de casais em situa\u00e7\u00e3o considerada irregular. Paralelamente \u00e0 quest\u00e3o jur\u00eddica, discutem-se problemas pr\u00e1ticos, como o acesso dos recasados aos sacramentos. \u00c9 prov\u00e1vel que seja aceita a proposta do cardeal alem\u00e3o Walter Kasper, que sugere a admiss\u00e3o dos casais em segunda uni\u00e3o \u00e0 Eucaristia, sob certas condi\u00e7\u00f5es. A Confer\u00eancia Episcopal da Alemanha apoiou Kasper, conforme anunciou seu presidente, cardeal Reinhard Marx.<\/p>\n","protected":false},"excerpt":{"rendered":"<p>O testemunho de Romano e Mavis Mirola, diretores do Conselho Cat\u00f3lico Australiano Fam\u00edlia e Matrim\u00f4nio, levantou na ter\u00e7a-feira na assembleia do S\u00ednodo Sobre a Fam\u00edlia, no Vaticano, exemplos de dificuldades reais que a Igreja deve enfrentar, como o drama das m\u00e3es solteiras, a acolhida de um filho gay e a educa\u00e7\u00e3o de crian\u00e7as portadoras de defici\u00eancias.<\/p>\n","protected":false},"author":1,"featured_media":9619,"comment_status":"open","ping_status":"open","sticky":false,"template":"","format":"standard","meta":{"_links_to":"","_links_to_target":""},"categories":[8,1],"tags":[],"views":2429,"_links":{"self":[{"href":"https:\/\/www.brazilianpress.com\/v1\/wp-json\/wp\/v2\/posts\/9618"}],"collection":[{"href":"https:\/\/www.brazilianpress.com\/v1\/wp-json\/wp\/v2\/posts"}],"about":[{"href":"https:\/\/www.brazilianpress.com\/v1\/wp-json\/wp\/v2\/types\/post"}],"author":[{"embeddable":true,"href":"https:\/\/www.brazilianpress.com\/v1\/wp-json\/wp\/v2\/users\/1"}],"replies":[{"embeddable":true,"href":"https:\/\/www.brazilianpress.com\/v1\/wp-json\/wp\/v2\/comments?post=9618"}],"version-history":[{"count":1,"href":"https:\/\/www.brazilianpress.com\/v1\/wp-json\/wp\/v2\/posts\/9618\/revisions"}],"predecessor-version":[{"id":9620,"href":"https:\/\/www.brazilianpress.com\/v1\/wp-json\/wp\/v2\/posts\/9618\/revisions\/9620"}],"wp:featuredmedia":[{"embeddable":true,"href":"https:\/\/www.brazilianpress.com\/v1\/wp-json\/wp\/v2\/media\/9619"}],"wp:attachment":[{"href":"https:\/\/www.brazilianpress.com\/v1\/wp-json\/wp\/v2\/media?parent=9618"}],"wp:term":[{"taxonomy":"category","embeddable":true,"href":"https:\/\/www.brazilianpress.com\/v1\/wp-json\/wp\/v2\/categories?post=9618"},{"taxonomy":"post_tag","embeddable":true,"href":"https:\/\/www.brazilianpress.com\/v1\/wp-json\/wp\/v2\/tags?post=9618"}],"curies":[{"name":"wp","href":"https:\/\/api.w.org\/{rel}","templated":true}]}}