{"id":9627,"date":"2014-10-09T12:11:31","date_gmt":"2014-10-09T16:11:31","guid":{"rendered":"http:\/\/www.brazilianpress.com\/v1\/?p=9627"},"modified":"2014-10-09T12:11:31","modified_gmt":"2014-10-09T16:11:31","slug":"inflacao-oficial-cresce-e-chega-a-057-em-setembro","status":"publish","type":"post","link":"https:\/\/www.brazilianpress.com\/v1\/2014\/10\/09\/inflacao-oficial-cresce-e-chega-a-057-em-setembro\/","title":{"rendered":"Infla\u00e7\u00e3o oficial cresce e chega a 0,57% em setembro"},"content":{"rendered":"<p><img loading=\"lazy\" class=\"alignright size-medium wp-image-9628\" src=\"http:\/\/www.brazilianpress.com\/v1\/wp-content\/uploads\/2014\/10\/real-300x200.jpg\" alt=\"real\" width=\"300\" height=\"200\" srcset=\"https:\/\/www.brazilianpress.com\/v1\/wp-content\/uploads\/2014\/10\/real-300x200.jpg 300w, https:\/\/www.brazilianpress.com\/v1\/wp-content\/uploads\/2014\/10\/real.jpg 500w\" sizes=\"(max-width: 300px) 100vw, 300px\" \/>O \u00cdndice Nacional de Pre\u00e7os ao Consumidor Amplo (IPCA), que mede a infla\u00e7\u00e3o oficial, ficou em 0,57% em setembro deste ano. Em agosto deste ano, a taxa havia sido 0,25%. J\u00e1 em setembro do ano passado, o IPCA havia ficado em 0,35%. O dado foi divulgado hoje (8) pelo Instituto Brasileiro de Geografia e Estat\u00edstica (IBGE).<!--more--><\/p>\n<p>O IPCA acumula taxas de 4,61% no ano e de 6,75% no per\u00edodo de 12 meses, acima do teto da meta estipulada pelo governo, que \u00e9 6,5%. O avan\u00e7o da taxa em setembro foi puxada principalmente pelos alimentos, que tiveram alta de pre\u00e7os de 0,78%, depois de tr\u00eas meses com queda de pre\u00e7os. Outro grupo de despesas que teve contribui\u00e7\u00e3o importante para a infla\u00e7\u00e3o de setembro foi transportes, com taxa de 0,63%.<\/p>\n","protected":false},"excerpt":{"rendered":"<p>O \u00cdndice Nacional de Pre\u00e7os ao Consumidor Amplo (IPCA), que mede a infla\u00e7\u00e3o oficial, ficou em 0,57% em setembro deste ano. Em agosto deste ano, a taxa havia sido 0,25%. J\u00e1 em setembro do ano passado, o IPCA havia ficado em 0,35%. O dado foi divulgado hoje (8) pelo Instituto Brasileiro de Geografia e Estat\u00edstica (IBGE).<\/p>\n","protected":false},"author":1,"featured_media":9628,"comment_status":"open","ping_status":"open","sticky":false,"template":"","format":"standard","meta":{"_links_to":"","_links_to_target":""},"categories":[7,1],"tags":[],"views":1967,"_links":{"self":[{"href":"https:\/\/www.brazilianpress.com\/v1\/wp-json\/wp\/v2\/posts\/9627"}],"collection":[{"href":"https:\/\/www.brazilianpress.com\/v1\/wp-json\/wp\/v2\/posts"}],"about":[{"href":"https:\/\/www.brazilianpress.com\/v1\/wp-json\/wp\/v2\/types\/post"}],"author":[{"embeddable":true,"href":"https:\/\/www.brazilianpress.com\/v1\/wp-json\/wp\/v2\/users\/1"}],"replies":[{"embeddable":true,"href":"https:\/\/www.brazilianpress.com\/v1\/wp-json\/wp\/v2\/comments?post=9627"}],"version-history":[{"count":1,"href":"https:\/\/www.brazilianpress.com\/v1\/wp-json\/wp\/v2\/posts\/9627\/revisions"}],"predecessor-version":[{"id":9629,"href":"https:\/\/www.brazilianpress.com\/v1\/wp-json\/wp\/v2\/posts\/9627\/revisions\/9629"}],"wp:featuredmedia":[{"embeddable":true,"href":"https:\/\/www.brazilianpress.com\/v1\/wp-json\/wp\/v2\/media\/9628"}],"wp:attachment":[{"href":"https:\/\/www.brazilianpress.com\/v1\/wp-json\/wp\/v2\/media?parent=9627"}],"wp:term":[{"taxonomy":"category","embeddable":true,"href":"https:\/\/www.brazilianpress.com\/v1\/wp-json\/wp\/v2\/categories?post=9627"},{"taxonomy":"post_tag","embeddable":true,"href":"https:\/\/www.brazilianpress.com\/v1\/wp-json\/wp\/v2\/tags?post=9627"}],"curies":[{"name":"wp","href":"https:\/\/api.w.org\/{rel}","templated":true}]}}