{"id":9640,"date":"2014-10-09T12:28:00","date_gmt":"2014-10-09T16:28:00","guid":{"rendered":"http:\/\/www.brazilianpress.com\/v1\/?p=9640"},"modified":"2014-10-16T12:10:15","modified_gmt":"2014-10-16T16:10:15","slug":"morre-segunda-crianca-nos-eua-apos-contrair-raro-virus-respiratorio","status":"publish","type":"post","link":"https:\/\/www.brazilianpress.com\/v1\/2014\/10\/09\/morre-segunda-crianca-nos-eua-apos-contrair-raro-virus-respiratorio\/","title":{"rendered":"Morre segunda crian\u00e7a nos EUA ap\u00f3s contrair raro v\u00edrus respirat\u00f3rio"},"content":{"rendered":"<p><img loading=\"lazy\" class=\"alignnone size-full wp-image-9641\" src=\"http:\/\/www.brazilianpress.com\/v1\/wp-content\/uploads\/2014\/10\/enterovirus.jpg\" alt=\"enterovirus\" width=\"500\" height=\"335\" srcset=\"https:\/\/www.brazilianpress.com\/v1\/wp-content\/uploads\/2014\/10\/enterovirus.jpg 500w, https:\/\/www.brazilianpress.com\/v1\/wp-content\/uploads\/2014\/10\/enterovirus-300x201.jpg 300w\" sizes=\"(max-width: 500px) 100vw, 500px\" \/><\/p>\n<p>Um menino de quatro anos, Eli Waller, morreu subitamente ap\u00f3s contrair o enterov\u00edrus EV-D68, uma rara e desconhecida infec\u00e7\u00e3o respirat\u00f3ria que preocupa as autoridades dos Estados Unidos, onde h\u00e1 mais de 500 pessoas infectadas, a maioria crian\u00e7as.<\/p>\n<p>Na semana passada, foi divulgada a\u00a0morte de uma menina por causa deste v\u00edrus, mas em seu caso o \u00f3bito se deveu a uma dupla infec\u00e7\u00e3o, de estafilococo \u00e1ureo com o enterov\u00edrus EV-D68.<!--more--><\/p>\n<p>Depois dela, em 25 de setembro, morreu em New Jersey o pequeno Eli, embora as causas de sua morte n\u00e3o tenham sido reveladas at\u00e9 este fim de semana. O garoto n\u00e3o foi \u00e0 aula nesse dia e foi deitar com os olhos avermelhados. Ele morreu dormindo. &#8220;Esta \u00e9 uma exce\u00e7\u00e3o com rela\u00e7\u00e3o a outros casos no pa\u00eds&#8221;, disse Jeffrey Plunkett, chefe dos servi\u00e7os de Sa\u00fade na cidade de Hamilton Township (Nova Jersey), \u00e0 emissora ABC. &#8220;Ele n\u00e3o apresentava sinais de doen\u00e7a e sua morte foi repentina e brusca&#8221;, acrescentou.<\/p>\n<p>O enterov\u00edrus EV-D68, cujos sintomas se parecem com os da gripe, causa dificuldades respirat\u00f3rias e, \u00e0s vezes, fraqueza muscular. Desde meados de agosto, o v\u00edrus infectou 538 pessoas em 43 estados do pa\u00eds, a maioria crian\u00e7as, segundo os Centros para o Controle e a Preven\u00e7\u00e3o de Doen\u00e7as (CDC) dos Estados Unidos.<\/p>\n<p><strong>V\u00edrus n\u00e3o \u00e9 novo, mas \u00e9 raro<\/strong><\/p>\n<p>No m\u00eas passado, as autoridades de sa\u00fade americanas expressaram sua preocupa\u00e7\u00e3o com a descoberta de v\u00e1rios casos deste v\u00edrus, que n\u00e3o \u00e9 novo, mas antes era muito raro. Isolado em 1962 na Calif\u00f3rnia (oeste), o v\u00edrus \u00e9 aparentemente transmitido quando um doente tosse ou espirra ou quando algu\u00e9m toca uma superf\u00edcie infectada. N\u00e3o h\u00e1 vacina contra o EV-D68 e os especialistas n\u00e3o entendem a raz\u00e3o como o v\u00edrus est\u00e1 se espalhando agora. Ele \u00e9 da fam\u00edlia do mesmo v\u00edrus que causa a p\u00f3lio.<\/p>\n","protected":false},"excerpt":{"rendered":"<p>Um menino de quatro anos, Eli Waller, morreu subitamente ap\u00f3s contrair o enterov\u00edrus EV-D68, uma rara e desconhecida infec\u00e7\u00e3o respirat\u00f3ria que preocupa as autoridades dos Estados Unidos, onde h\u00e1 mais de 500 pessoas infectadas, a maioria crian\u00e7as. Na semana passada, foi divulgada a\u00a0morte de uma menina por causa deste v\u00edrus, mas em seu caso o \u00f3bito se deveu a uma dupla infec\u00e7\u00e3o, de estafilococo \u00e1ureo com o enterov\u00edrus EV-D68.<\/p>\n","protected":false},"author":1,"featured_media":9641,"comment_status":"open","ping_status":"open","sticky":false,"template":"","format":"standard","meta":{"_links_to":"","_links_to_target":""},"categories":[1,10],"tags":[],"views":3154,"_links":{"self":[{"href":"https:\/\/www.brazilianpress.com\/v1\/wp-json\/wp\/v2\/posts\/9640"}],"collection":[{"href":"https:\/\/www.brazilianpress.com\/v1\/wp-json\/wp\/v2\/posts"}],"about":[{"href":"https:\/\/www.brazilianpress.com\/v1\/wp-json\/wp\/v2\/types\/post"}],"author":[{"embeddable":true,"href":"https:\/\/www.brazilianpress.com\/v1\/wp-json\/wp\/v2\/users\/1"}],"replies":[{"embeddable":true,"href":"https:\/\/www.brazilianpress.com\/v1\/wp-json\/wp\/v2\/comments?post=9640"}],"version-history":[{"count":1,"href":"https:\/\/www.brazilianpress.com\/v1\/wp-json\/wp\/v2\/posts\/9640\/revisions"}],"predecessor-version":[{"id":9642,"href":"https:\/\/www.brazilianpress.com\/v1\/wp-json\/wp\/v2\/posts\/9640\/revisions\/9642"}],"wp:featuredmedia":[{"embeddable":true,"href":"https:\/\/www.brazilianpress.com\/v1\/wp-json\/wp\/v2\/media\/9641"}],"wp:attachment":[{"href":"https:\/\/www.brazilianpress.com\/v1\/wp-json\/wp\/v2\/media?parent=9640"}],"wp:term":[{"taxonomy":"category","embeddable":true,"href":"https:\/\/www.brazilianpress.com\/v1\/wp-json\/wp\/v2\/categories?post=9640"},{"taxonomy":"post_tag","embeddable":true,"href":"https:\/\/www.brazilianpress.com\/v1\/wp-json\/wp\/v2\/tags?post=9640"}],"curies":[{"name":"wp","href":"https:\/\/api.w.org\/{rel}","templated":true}]}}