{"id":988,"date":"2013-06-13T09:04:09","date_gmt":"2013-06-13T13:04:09","guid":{"rendered":"http:\/\/www.brazilianpress.com\/v1\/?p=988"},"modified":"2013-06-20T09:38:27","modified_gmt":"2013-06-20T13:38:27","slug":"social-press-13062013","status":"publish","type":"post","link":"https:\/\/www.brazilianpress.com\/v1\/2013\/06\/13\/social-press-13062013\/","title":{"rendered":"Social Press . 13\/06\/2013"},"content":{"rendered":"<p><em><strong><img loading=\"lazy\" class=\"alignnone size-full wp-image-979\" alt=\"social press 1631 20130613 (6)\" src=\"http:\/\/www.brazilianpress.com\/v1\/wp-content\/uploads\/2013\/06\/social-press-1631-20130613-6.jpg\" width=\"450\" height=\"300\" srcset=\"https:\/\/www.brazilianpress.com\/v1\/wp-content\/uploads\/2013\/06\/social-press-1631-20130613-6.jpg 450w, https:\/\/www.brazilianpress.com\/v1\/wp-content\/uploads\/2013\/06\/social-press-1631-20130613-6-300x200.jpg 300w\" sizes=\"(max-width: 450px) 100vw, 450px\" \/><br \/>\nS\u00f3 Agitos: O super DJ Erv Master acaba de inaugurar o Bar\u00fa Lounge no Ironbound e a bel\u00edssima Kaira Costa est\u00e1 com tudo preparado para o espet\u00e1culo Com\u00e9dia em Preto e Branco, neste s\u00e1bado no Newark Museum. N\u00e3o fique de fora!<\/strong><\/em><\/p>\n<p><em><strong><img loading=\"lazy\" class=\"alignnone size-full wp-image-974\" alt=\"social press 1631 20130613 (1)\" src=\"http:\/\/www.brazilianpress.com\/v1\/wp-content\/uploads\/2013\/06\/social-press-1631-20130613-1.jpg\" width=\"450\" height=\"300\" srcset=\"https:\/\/www.brazilianpress.com\/v1\/wp-content\/uploads\/2013\/06\/social-press-1631-20130613-1.jpg 450w, https:\/\/www.brazilianpress.com\/v1\/wp-content\/uploads\/2013\/06\/social-press-1631-20130613-1-300x200.jpg 300w\" sizes=\"(max-width: 450px) 100vw, 450px\" \/><br \/>\n<\/strong><\/em><em><strong><\/strong><\/em><em><strong>A empres\u00e1ria Daniele de Souza, a Boss aqui da Reda\u00e7\u00e3o, comemorou seu anivers\u00e1rio ao lado de amigos no Casa Nova Grill. Sucesso!<!--more--><\/strong><\/em><\/p>\n<p><em><strong><img loading=\"lazy\" class=\"alignnone size-full wp-image-982\" alt=\"social press 1631 20130613 (9)\" src=\"http:\/\/www.brazilianpress.com\/v1\/wp-content\/uploads\/2013\/06\/social-press-1631-20130613-9.jpg\" width=\"450\" height=\"300\" srcset=\"https:\/\/www.brazilianpress.com\/v1\/wp-content\/uploads\/2013\/06\/social-press-1631-20130613-9.jpg 450w, https:\/\/www.brazilianpress.com\/v1\/wp-content\/uploads\/2013\/06\/social-press-1631-20130613-9-300x200.jpg 300w\" sizes=\"(max-width: 450px) 100vw, 450px\" \/><br \/>\nO Rep\u00f3rter J\u00fanior Schutt (aka Roger Costa) entrevistou o cineasta espanhol vencedor de 2 Oscars, Pedro Almodovar, durante sua visita a Big Apple para lan\u00e7ar seu novo filme \u201cI\u2019m so Excited\u201d.<\/strong><\/em><\/p>\n<p><em><strong><img loading=\"lazy\" class=\"alignnone size-full wp-image-983\" alt=\"social press 1631 20130613 (10)\" src=\"http:\/\/www.brazilianpress.com\/v1\/wp-content\/uploads\/2013\/06\/social-press-1631-20130613-10.jpg\" width=\"450\" height=\"253\" srcset=\"https:\/\/www.brazilianpress.com\/v1\/wp-content\/uploads\/2013\/06\/social-press-1631-20130613-10.jpg 450w, https:\/\/www.brazilianpress.com\/v1\/wp-content\/uploads\/2013\/06\/social-press-1631-20130613-10-300x168.jpg 300w\" sizes=\"(max-width: 450px) 100vw, 450px\" \/><br \/>\nS\u00e9rgio Souto, L\u00e9o, Alex e Wesley Cabral, aproveitando o Ver\u00e3o nas baladas do Tiki Bar, mostrando o charme da cor brasileira.<\/strong><\/em><\/p>\n<p><em><strong><img loading=\"lazy\" class=\"alignnone size-full wp-image-984\" alt=\"social press 1631 20130613 (11)\" src=\"http:\/\/www.brazilianpress.com\/v1\/wp-content\/uploads\/2013\/06\/social-press-1631-20130613-11.jpg\" width=\"350\" height=\"526\" srcset=\"https:\/\/www.brazilianpress.com\/v1\/wp-content\/uploads\/2013\/06\/social-press-1631-20130613-11.jpg 350w, https:\/\/www.brazilianpress.com\/v1\/wp-content\/uploads\/2013\/06\/social-press-1631-20130613-11-199x300.jpg 199w\" sizes=\"(max-width: 350px) 100vw, 350px\" \/><br \/>\nOs Brothers of Brazil, Jo\u00e3o Suplicy e Supla, arrasaram com um super show, domingo passado no The Box em Manhattan na Festa da New York Spy.<\/strong><\/em><\/p>\n<p><em><strong><img loading=\"lazy\" class=\"alignnone size-full wp-image-985\" alt=\"social press 1631 20130613 (12)\" src=\"http:\/\/www.brazilianpress.com\/v1\/wp-content\/uploads\/2013\/06\/social-press-1631-20130613-12.jpg\" width=\"450\" height=\"300\" srcset=\"https:\/\/www.brazilianpress.com\/v1\/wp-content\/uploads\/2013\/06\/social-press-1631-20130613-12.jpg 450w, https:\/\/www.brazilianpress.com\/v1\/wp-content\/uploads\/2013\/06\/social-press-1631-20130613-12-300x200.jpg 300w\" sizes=\"(max-width: 450px) 100vw, 450px\" \/><br \/>\nUm forte abra\u00e7o a Vilma Byrne, com as crian\u00e7as Kathryn, Matthew, Emily e Daniela Oliveira, ap\u00f3s um passeio em New York.<\/strong><\/em><\/p>\n<p><em><strong><img loading=\"lazy\" class=\"alignnone size-full wp-image-986\" alt=\"social press 1631 20130613 (13)\" src=\"http:\/\/www.brazilianpress.com\/v1\/wp-content\/uploads\/2013\/06\/social-press-1631-20130613-13.jpg\" width=\"350\" height=\"467\" srcset=\"https:\/\/www.brazilianpress.com\/v1\/wp-content\/uploads\/2013\/06\/social-press-1631-20130613-13.jpg 350w, https:\/\/www.brazilianpress.com\/v1\/wp-content\/uploads\/2013\/06\/social-press-1631-20130613-13-224x300.jpg 224w\" sizes=\"(max-width: 350px) 100vw, 350px\" \/><br \/>\nO belo casal de jovens, Simone Chaves e Antonio Palamar, curtiram a Festa de Portugal na Esquina da Alegria, montada pelo Grupo Casa Nova, sempre servindo a comunidade com qualidade.<\/strong><\/em><\/p>\n<p><em><strong><img loading=\"lazy\" class=\"alignnone size-full wp-image-987\" alt=\"social press 1631 20130613 (14)\" src=\"http:\/\/www.brazilianpress.com\/v1\/wp-content\/uploads\/2013\/06\/social-press-1631-20130613-14.jpg\" width=\"450\" height=\"300\" srcset=\"https:\/\/www.brazilianpress.com\/v1\/wp-content\/uploads\/2013\/06\/social-press-1631-20130613-14.jpg 450w, https:\/\/www.brazilianpress.com\/v1\/wp-content\/uploads\/2013\/06\/social-press-1631-20130613-14-300x200.jpg 300w\" sizes=\"(max-width: 450px) 100vw, 450px\" \/><br \/>\nO Boi na Brasa \u00e9 o point ideal para paquerar, saborear um delicioso Churrasco, ao som de atra\u00e7\u00f5es musicais contagiantes, sempre repleto de Gente Bonita e elegante. E agora com Festas de Ver\u00e3o no amplo estacionamento.<\/strong><\/em><\/p>\n<p><em><strong><img loading=\"lazy\" class=\"alignnone size-full wp-image-989\" alt=\"social press 1631 20130613 (15)\" src=\"http:\/\/www.brazilianpress.com\/v1\/wp-content\/uploads\/2013\/06\/social-press-1631-20130613-15.jpg\" width=\"450\" height=\"253\" srcset=\"https:\/\/www.brazilianpress.com\/v1\/wp-content\/uploads\/2013\/06\/social-press-1631-20130613-15.jpg 450w, https:\/\/www.brazilianpress.com\/v1\/wp-content\/uploads\/2013\/06\/social-press-1631-20130613-15-300x168.jpg 300w\" sizes=\"(max-width: 450px) 100vw, 450px\" \/><br \/>\nEm homenagem ao Dia dos Pais na Am\u00e9rica, um saudoso abra\u00e7o ao meu paiz\u00e3o, Rog\u00e9rio Costa, na foto celebrando os 4 aninhos da princesinha Vit\u00f3ria. Deus Aben\u00e7oe Grandemente! Com amor, Seu filho J\u00fanior.<\/strong><\/em><\/p>\n<p><em><strong><img loading=\"lazy\" class=\"alignnone size-full wp-image-990\" alt=\"social press 1631 20130613 (16)\" src=\"http:\/\/www.brazilianpress.com\/v1\/wp-content\/uploads\/2013\/06\/social-press-1631-20130613-16.jpg\" width=\"350\" height=\"526\" srcset=\"https:\/\/www.brazilianpress.com\/v1\/wp-content\/uploads\/2013\/06\/social-press-1631-20130613-16.jpg 350w, https:\/\/www.brazilianpress.com\/v1\/wp-content\/uploads\/2013\/06\/social-press-1631-20130613-16-199x300.jpg 199w\" sizes=\"(max-width: 350px) 100vw, 350px\" \/><br \/>\nFelicita\u00e7\u00f5es a Fernando Andrade, Tiago Chediak, Geov\u00e1 Rodrigues e Ot\u00e1vio Augusto, equipe da New York Spy, Revista Online, com entrevistas e novidades, que promoveram uma festa de lan\u00e7amento no The Box domingo passado.<\/strong><\/em><\/p>\n<p><em><strong><img loading=\"lazy\" class=\"alignnone size-full wp-image-975\" alt=\"social press 1631 20130613 (2)\" src=\"http:\/\/www.brazilianpress.com\/v1\/wp-content\/uploads\/2013\/06\/social-press-1631-20130613-2.jpg\" width=\"450\" height=\"300\" srcset=\"https:\/\/www.brazilianpress.com\/v1\/wp-content\/uploads\/2013\/06\/social-press-1631-20130613-2.jpg 450w, https:\/\/www.brazilianpress.com\/v1\/wp-content\/uploads\/2013\/06\/social-press-1631-20130613-2-300x200.jpg 300w\" sizes=\"(max-width: 450px) 100vw, 450px\" \/><br \/>\nEm pose exclusiva para o Press, Carlos Areces, Blanca Su\u00e1rez e Miguel Angel Silvestre, formam o elenco da nova com\u00e9dia de Alm\u00f3dovar, \u201cI\u2019m So Excited\u201d em cartaz dia 28. Confira!<\/strong><\/em><\/p>\n<p><em><strong><img loading=\"lazy\" class=\"alignnone size-full wp-image-976\" alt=\"social press 1631 20130613 (3)\" src=\"http:\/\/www.brazilianpress.com\/v1\/wp-content\/uploads\/2013\/06\/social-press-1631-20130613-3.jpg\" width=\"350\" height=\"526\" srcset=\"https:\/\/www.brazilianpress.com\/v1\/wp-content\/uploads\/2013\/06\/social-press-1631-20130613-3.jpg 350w, https:\/\/www.brazilianpress.com\/v1\/wp-content\/uploads\/2013\/06\/social-press-1631-20130613-3-199x300.jpg 199w\" sizes=\"(max-width: 350px) 100vw, 350px\" \/><br \/>\nO pequeno Nicholas Moreira recebeu medalhas em homenagem ao seu desempenho escolar, para orgulho e alegria dos pais, o casal Suellen e Jos\u00e9 Moreira. Keep Up the Good Work!<\/strong><\/em><\/p>\n<p><em><strong><img loading=\"lazy\" class=\"alignnone size-full wp-image-977\" alt=\"social press 1631 20130613 (4)\" src=\"http:\/\/www.brazilianpress.com\/v1\/wp-content\/uploads\/2013\/06\/social-press-1631-20130613-4.jpg\" width=\"350\" height=\"526\" srcset=\"https:\/\/www.brazilianpress.com\/v1\/wp-content\/uploads\/2013\/06\/social-press-1631-20130613-4.jpg 350w, https:\/\/www.brazilianpress.com\/v1\/wp-content\/uploads\/2013\/06\/social-press-1631-20130613-4-199x300.jpg 199w\" sizes=\"(max-width: 350px) 100vw, 350px\" \/><br \/>\nHayanne, Bruna e Carine, A super equipe de mulheres lindas e competentes da Boutique Toque Final, localizada no 248 Ferry Street, vestindo a Beleza na Comunidade.<\/strong><\/em><\/p>\n<p><em><strong><img loading=\"lazy\" class=\"alignnone size-full wp-image-978\" alt=\"social press 1631 20130613 (5)\" src=\"http:\/\/www.brazilianpress.com\/v1\/wp-content\/uploads\/2013\/06\/social-press-1631-20130613-5.jpg\" width=\"450\" height=\"300\" srcset=\"https:\/\/www.brazilianpress.com\/v1\/wp-content\/uploads\/2013\/06\/social-press-1631-20130613-5.jpg 450w, https:\/\/www.brazilianpress.com\/v1\/wp-content\/uploads\/2013\/06\/social-press-1631-20130613-5-300x200.jpg 300w\" sizes=\"(max-width: 450px) 100vw, 450px\" \/><br \/>\nPrecisando enviar dinheiro ao Brasil com rapidez e seguran\u00e7a? Visite Luana e Kleber da Real Transfer no 12 Wilson Avenue em Newark. Servi\u00e7o de Alta Qualidade!<\/strong><\/em><\/p>\n<p><em><strong><img loading=\"lazy\" class=\"alignnone size-full wp-image-980\" alt=\"social press 1631 20130613 (7)\" src=\"http:\/\/www.brazilianpress.com\/v1\/wp-content\/uploads\/2013\/06\/social-press-1631-20130613-7.jpg\" width=\"450\" height=\"300\" srcset=\"https:\/\/www.brazilianpress.com\/v1\/wp-content\/uploads\/2013\/06\/social-press-1631-20130613-7.jpg 450w, https:\/\/www.brazilianpress.com\/v1\/wp-content\/uploads\/2013\/06\/social-press-1631-20130613-7-300x200.jpg 300w\" sizes=\"(max-width: 450px) 100vw, 450px\" \/><br \/>\nHappy Birthday ao querido animador Rodrigo Costa, respons\u00e1vel pela alegria nas noites do Bras\u00edlia, Paleio e Cacha\u00e7aria com seu Alto-Astral contagiante! Tudo de Bom!<\/strong><\/em><\/p>\n<p><em><strong><img loading=\"lazy\" class=\"alignnone size-full wp-image-981\" alt=\"social press 1631 20130613 (8)\" src=\"http:\/\/www.brazilianpress.com\/v1\/wp-content\/uploads\/2013\/06\/social-press-1631-20130613-8.jpg\" width=\"450\" height=\"338\" srcset=\"https:\/\/www.brazilianpress.com\/v1\/wp-content\/uploads\/2013\/06\/social-press-1631-20130613-8.jpg 450w, https:\/\/www.brazilianpress.com\/v1\/wp-content\/uploads\/2013\/06\/social-press-1631-20130613-8-300x225.jpg 300w\" sizes=\"(max-width: 450px) 100vw, 450px\" \/><br \/>\nNossas leitoras e amigas, as uruguyas guapas, Monica Urrutia e Syl, saboreando uma Sangria e brindando a esta\u00e7\u00e3o do Sol com muita eleg\u00e2ncia.<\/strong><\/em><\/p>\n","protected":false},"excerpt":{"rendered":"<p>S\u00f3 Agitos: O super DJ Erv Master acaba de inaugurar o Bar\u00fa Lounge no Ironbound e a bel\u00edssima Kaira Costa est\u00e1 com tudo preparado para o espet\u00e1culo Com\u00e9dia em Preto e Branco, neste s\u00e1bado no Newark Museum. N\u00e3o fique de fora! A empres\u00e1ria Daniele de Souza, a Boss aqui da Reda\u00e7\u00e3o, comemorou seu anivers\u00e1rio ao lado de amigos no Casa Nova Grill. Sucesso!<\/p>\n","protected":false},"author":1,"featured_media":979,"comment_status":"open","ping_status":"open","sticky":false,"template":"","format":"standard","meta":{"_links_to":"","_links_to_target":""},"categories":[1,6],"tags":[],"views":4080,"_links":{"self":[{"href":"https:\/\/www.brazilianpress.com\/v1\/wp-json\/wp\/v2\/posts\/988"}],"collection":[{"href":"https:\/\/www.brazilianpress.com\/v1\/wp-json\/wp\/v2\/posts"}],"about":[{"href":"https:\/\/www.brazilianpress.com\/v1\/wp-json\/wp\/v2\/types\/post"}],"author":[{"embeddable":true,"href":"https:\/\/www.brazilianpress.com\/v1\/wp-json\/wp\/v2\/users\/1"}],"replies":[{"embeddable":true,"href":"https:\/\/www.brazilianpress.com\/v1\/wp-json\/wp\/v2\/comments?post=988"}],"version-history":[{"count":2,"href":"https:\/\/www.brazilianpress.com\/v1\/wp-json\/wp\/v2\/posts\/988\/revisions"}],"predecessor-version":[{"id":1119,"href":"https:\/\/www.brazilianpress.com\/v1\/wp-json\/wp\/v2\/posts\/988\/revisions\/1119"}],"wp:featuredmedia":[{"embeddable":true,"href":"https:\/\/www.brazilianpress.com\/v1\/wp-json\/wp\/v2\/media\/979"}],"wp:attachment":[{"href":"https:\/\/www.brazilianpress.com\/v1\/wp-json\/wp\/v2\/media?parent=988"}],"wp:term":[{"taxonomy":"category","embeddable":true,"href":"https:\/\/www.brazilianpress.com\/v1\/wp-json\/wp\/v2\/categories?post=988"},{"taxonomy":"post_tag","embeddable":true,"href":"https:\/\/www.brazilianpress.com\/v1\/wp-json\/wp\/v2\/tags?post=988"}],"curies":[{"name":"wp","href":"https:\/\/api.w.org\/{rel}","templated":true}]}}